{"id":30593,"date":"2019-04-27T12:55:30","date_gmt":"2019-04-27T16:55:30","guid":{"rendered":"https:\/\/linitiative.ca\/International\/6e-edition-du-fiab-2019-vers-la-creation-de-la-federation-internationale-afrique-et-beaute\/"},"modified":"2019-04-27T12:55:30","modified_gmt":"2019-04-27T16:55:30","slug":"6e-edition-du-fiab-2019-vers-la-creation-de-la-federation-internationale-afrique-et-beaute","status":"publish","type":"post","link":"https:\/\/linitiative.ca\/International\/6e-edition-du-fiab-2019-vers-la-creation-de-la-federation-internationale-afrique-et-beaute\/","title":{"rendered":"6\u00e8 \u00e9dition du FIAB 2019 : Vers la cr\u00e9ation de la F\u00e9d\u00e9ration Internationale Afrique et Beaut\u00e9"},"content":{"rendered":"<div readability=\"37\">\n<p>Essaouira- Les participants \u00e0 la 6\u00e8 \u00e9dition du Forum International Afrique et Beaut\u00e9 (FIAB-2019), qui a clos ses travaux vendredi \u00e0 Essaouira, ont exprim\u00e9 leur soutien \u00e0 la cr\u00e9ation de la F\u00e9d\u00e9ration Internationale Afrique et Beaut\u00e9 qui oeuvrera \u00e0 la mise en r\u00e9seau des diff\u00e9rents acteurs concernant les divers m\u00e9tiers de beaut\u00e9.<\/p>\n<\/div>\n<div readability=\"128\">\n<p>Dans un document final baptis\u00e9 \u2018\u2019D\u00e9claration d\u2019Essaouira\u2019\u2019, les participants \u00e0 ce forum, plac\u00e9 sous le th\u00e8me \u2018\u2019beaut\u00e9 et innovation : vers une \u00e9conomie responsable en Afrique\u2019\u2019, ont fait part de leur d\u00e9termination \u00e0 appuyer la mise en place d\u2019un syst\u00e8me de formation et de transmission des connaissances, incluant l\u2019\u00e9volution vers l\u2019entrepreneuriat et l\u2019emploi des jeunes.<\/p>\n<p>Ils ont soulign\u00e9 \u00e9galement l\u2019importance de favoriser l\u2019\u00e9mergence de syst\u00e8mes autonomes locaux et participatifs pour la certification de qualit\u00e9 biologique et\/ou \u00e9quitable, d\u2019un co\u00fbt accessible et adapt\u00e9 aux conditions sp\u00e9cifiques du Continent Africain.<\/p>\n<p>Ils se sont dits en faveur de l\u2019encouragement du d\u00e9veloppement du packaging \u00e9co-responsable, issu de mati\u00e8res premi\u00e8res locales, respectant l\u2019homme et l\u2019environnement, tout en insistant sur la n\u00e9cessit\u00e9 de promouvoir le d\u00e9veloppement des m\u00e9tiers de beaut\u00e9 (cosm\u00e9tique, mode et maroquinerie, tourisme durable\u2026) valorisant les traditions et la biodiversit\u00e9 v\u00e9g\u00e9tale africaine et visant le march\u00e9 local et celui international.<\/p>\n<p>Sur la question du partage des avantages d\u00e9coulant de l\u2019utilisation des ressources g\u00e9n\u00e9tiques africaines, ils ont estim\u00e9 important de privil\u00e9gier les avantages non mon\u00e9taires, car plus efficaces, plus durables, plus proches des pr\u00e9occupations des communaut\u00e9s locales et plus g\u00e9n\u00e9rateurs d\u2019\u00e9change et de relations humaines que les avantages uniquement mon\u00e9taires.<\/p>\n<p>Les pan\u00e9listes ont insist\u00e9 aussi sur l\u2019imp\u00e9ratif d\u2019attirer l\u2019attention des diff\u00e9rents gouvernements des pays de l\u2019Afrique sur la n\u00e9cessit\u00e9 d\u2019appuyer la mise en \u0153uvre du protocole de Nagoya, en y associant toutes les parties prenantes : les communaut\u00e9s locales, les coop\u00e9ratives et associations de producteurs r\u00e9colteurs, les universit\u00e9s et instituts de recherche nationaux, les laboratoires de transformation et valorisation cosm\u00e9tique, les responsables des minist\u00e8res concern\u00e9s.<\/p>\n<p>Et de conclure que l\u2019objectif est de permettre une r\u00e9elle ad\u00e9quation entre les textes l\u00e9gislatifs et les attentes et besoins de chacune des parties.<\/p>\n<p>A rappeler que le protocole de Nagoya sur l\u2019acc\u00e8s aux ressources g\u00e9n\u00e9tiques et le partage juste et \u00e9quitable des avantages d\u00e9coulant de leur utilisation \u00e0 la Convention sur la diversit\u00e9 biologique, est un accord international sur la biodiversit\u00e9.<\/p>\n<p>Il a \u00e9t\u00e9 adopt\u00e9 par la dixi\u00e8me r\u00e9union de la Conf\u00e9rence des Parties \u00e0 la Convention sur la diversit\u00e9 biologique des Nations unies, le 29 octobre 2010 \u00e0 Nagoya, au Japon, et est entr\u00e9 en vigueur le 12 octobre 2014.<\/p>\n<p>Organis\u00e9e conjointement par l\u2019Association marocaine \u00ab\u00a0Ibn Al Baytar\u00a0\u00bb et l\u2019association burkinab\u00e8 \u00ab\u00a0Nature et culture\u00a0\u00bb (ANCB) et plac\u00e9e sous l\u2019\u00e9gide du Secr\u00e9tariat d\u2019Etat charg\u00e9 du d\u00e9veloppement durable, cette conf\u00e9rence s\u2019est tenue \u00e0 Essaouira apr\u00e8s 4 \u00e9ditions organis\u00e9es au Burkina Faso, et une cinqui\u00e8me d\u00e9localis\u00e9e en 2017 \u00e0 Lom\u00e9 au Togo.<\/p>\n<p>Le choix du Maroc pour abriter cette nouvelle \u00e9dition s\u2019explique par les traditions s\u00e9culaires du Royaume, celles li\u00e9es \u00e0 la beaut\u00e9 et aux plantes qu\u2019elles soient m\u00e9dicinales, aromatiques ou cosm\u00e9tiques, ont expliqu\u00e9 les organisateurs.<\/p>\n<p>Ayant r\u00e9uni quelque 65 participants du Maroc et de l\u2019\u00e9tranger, issus de diff\u00e9rents horizons, le Forum d\u2019Essaouira a abord\u00e9 des aspects classiques ou plus innovants, entre autres \u2018\u2019la mise en place de fili\u00e8res durables de plantes \u00e0 vis\u00e9e cosm\u00e9tique en Afrique\u00a0\u00bb, \u00ab\u00a0les r\u00e9sultats des recherches sur les plantes africaines par de grands noms de la cosm\u00e9tique\u00a0\u00bb, \u00ab\u00a0l\u2019apport du tourisme durable pour les m\u00e9tiers de la beaut\u00e9\u00a0\u00bb, et \u2018\u00a0\u00bble d\u00e9veloppement de r\u00e9seaux pour la professionnalisation des acteurs locaux et le d\u00e9veloppement de l\u2019entreprenariat cosm\u00e9tique en Afrique\u00a0\u00bb.<\/p>\n<p>Au menu de ce Forum, figurait \u00e9galement une journ\u00e9e d\u00e9di\u00e9e \u00e0 la rencontre des femmes des coop\u00e9ratives de l\u2019huile d\u2019Argan, fili\u00e8re majeure de la cosm\u00e9tique au Maroc, en vue de tirer les le\u00e7ons de cette r\u00e9ussite \u00ab\u00a0100% marocaine\u00a0\u00bb, mais aussi \u00e0 la plantation d\u2019arganiers.<\/p>\n<p>Les participants \u00e0 ce Forum ont \u00e9t\u00e9 \u00e9galement au rendez-vous avec une s\u00e9rie d\u2019ateliers th\u00e9matiques traitant de sujets en rapport avec \u2018\u2019le protocole de Nagoya : concilier les int\u00e9r\u00eats locaux et ceux des utilisateurs finaux\u2019\u2019, \u00ab\u00a0syst\u00e8mes participatifs de garantie : une alternative pour les certifications biologique et \u00e9quitable\u00a0\u00bb, \u00ab\u00a0Packaging : Vers une fili\u00e8re \u00e9co-responsable en Afrique\u00a0\u00bb et \u00ab\u00a0Qualit\u00e9 et s\u00e9curit\u00e9 des cosm\u00e9tiques\u00a0\u00bb.<\/p>\n<\/div>\n<p>Auteur: Mohammed KOURSI<br \/>\n<a href=\"http:\/\/www.mapmarrakech.ma\/fr\/6e-edition-du-fiab-2019-vers-la-creation-de-la-federation-internationale-afrique-et-beaute\/\">Cliquez ici pour lire l&rsquo;article depuis sa source.<\/a><\/p>\n","protected":false},"excerpt":{"rendered":"<p>Essaouira- Les participants \u00e0 la 6\u00e8 \u00e9dition du Forum International Afrique et Beaut\u00e9 (FIAB-2019), qui a clos ses travaux vendredi \u00e0 Essaouira, ont exprim\u00e9 leur soutien \u00e0 la cr\u00e9ation de la F\u00e9d\u00e9ration Internationale Afrique et Beaut\u00e9 qui oeuvrera \u00e0 la mise en r\u00e9seau des diff\u00e9rents acteurs concernant les divers m\u00e9tiers de beaut\u00e9. Dans un document [&hellip;]<\/p>\n","protected":false},"author":1788,"featured_media":0,"comment_status":"closed","ping_status":"closed","sticky":false,"template":"","format":"standard","meta":{"fifu_image_url":"","fifu_image_alt":"","footnotes":""},"categories":[54,76],"tags":[],"class_list":["post-30593","post","type-post","status-publish","format-standard","hentry","category-maroc","category-regions"],"_links":{"self":[{"href":"https:\/\/linitiative.ca\/International\/wp-json\/wp\/v2\/posts\/30593","targetHints":{"allow":["GET"]}}],"collection":[{"href":"https:\/\/linitiative.ca\/International\/wp-json\/wp\/v2\/posts"}],"about":[{"href":"https:\/\/linitiative.ca\/International\/wp-json\/wp\/v2\/types\/post"}],"author":[{"embeddable":true,"href":"https:\/\/linitiative.ca\/International\/wp-json\/wp\/v2\/users\/1788"}],"replies":[{"embeddable":true,"href":"https:\/\/linitiative.ca\/International\/wp-json\/wp\/v2\/comments?post=30593"}],"version-history":[{"count":0,"href":"https:\/\/linitiative.ca\/International\/wp-json\/wp\/v2\/posts\/30593\/revisions"}],"wp:attachment":[{"href":"https:\/\/linitiative.ca\/International\/wp-json\/wp\/v2\/media?parent=30593"}],"wp:term":[{"taxonomy":"category","embeddable":true,"href":"https:\/\/linitiative.ca\/International\/wp-json\/wp\/v2\/categories?post=30593"},{"taxonomy":"post_tag","embeddable":true,"href":"https:\/\/linitiative.ca\/International\/wp-json\/wp\/v2\/tags?post=30593"}],"curies":[{"name":"wp","href":"https:\/\/api.w.org\/{rel}","templated":true}]}}