{"id":30594,"date":"2019-04-27T13:15:30","date_gmt":"2019-04-27T17:15:30","guid":{"rendered":"https:\/\/linitiative.ca\/International\/essaouira-arrestation-dun-francais-faisant-lobjet-dun-avis-de-recherche-international-pour-trafic-de-drogue-dgsn\/"},"modified":"2019-04-27T13:15:30","modified_gmt":"2019-04-27T17:15:30","slug":"essaouira-arrestation-dun-francais-faisant-lobjet-dun-avis-de-recherche-international-pour-trafic-de-drogue-dgsn","status":"publish","type":"post","link":"https:\/\/linitiative.ca\/International\/essaouira-arrestation-dun-francais-faisant-lobjet-dun-avis-de-recherche-international-pour-trafic-de-drogue-dgsn\/","title":{"rendered":"Essaouira: arrestation d\u2019un Fran\u00e7ais faisant l\u2019objet d\u2019un avis de recherche international pour trafic de drogue (DGSN)"},"content":{"rendered":"<div class=\"single-featured\"><img alt=\"\" data-src=\"http:\/\/www.mapmarrakech.ma\/map\/uploads\/2019\/02\/DGSN.jpg\"\/><\/div>\n<div class=\"single-post-excerpt post-excerpt-bc\" readability=\"39\">\n<p>Rabat- La brigade de la police judiciaire du district provincial d\u2019Essaouira a arr\u00eat\u00e9, vendredi, un ressortissant fran\u00e7ais faisant l\u2019objet d\u2019un avis de recherche international \u00e9mis en 2017 par les autorit\u00e9s judiciaires de son pays, pour trafic de drogues, indique la Direction g\u00e9n\u00e9rale de la s\u00fbret\u00e9 nationale (DGSN).<\/p>\n<\/div>\n<div class=\"entry-content clearfix single-post-content\" readability=\"56\">\n<p>L\u2019arrestation du mis en cause, 38 ans, qui \u00e9tait \u00e9tabli ill\u00e9galement au Maroc, intervient dans le cadre des efforts d\u00e9ploy\u00e9s par les services de la DGSN pour le renforcement des m\u00e9canismes de coop\u00e9ration internationale dans les domaines s\u00e9curitaires et de l\u2019intensification des proc\u00e9dures de traque des personnes recherch\u00e9es \u00e0 l\u2019\u00e9chelle internationale pour des affaires de drogues et de psychotropes, ainsi que d\u2019autres formes de crimes transfrontaliers, pr\u00e9cise la DGSN dans un communiqu\u00e9.<\/p>\n<p>Le suspect a \u00e9t\u00e9 appr\u00e9hend\u00e9 \u00e0 bord d\u2019une motocyclette ne portant pas de plaques d\u2019immatriculation et sans documents, ce qui a n\u00e9cessit\u00e9 de le soumettre aux proc\u00e9dures de pointage au niveau des bases de donn\u00e9es s\u00e9curitaires, ajoute la m\u00eame source, notant que cette op\u00e9ration a r\u00e9v\u00e9l\u00e9 que le pr\u00e9venu faisait l\u2019objet d\u2019un avis de recherche international lanc\u00e9 par les autorit\u00e9s fran\u00e7aises, apr\u00e8s avoir \u00e9t\u00e9 condamn\u00e9 par contumace dans une affaire de trafic de drogues.<\/p>\n<p>Le ressortissant fran\u00e7ais a \u00e9t\u00e9 plac\u00e9 en garde \u00e0 vue \u00e0 la disposition de l\u2019enqu\u00eate men\u00e9e sous la supervision du parquet comp\u00e9tent, poursuit le communiqu\u00e9, ajoutant que les autorit\u00e9s fran\u00e7aises concern\u00e9es ont \u00e9t\u00e9 avis\u00e9es de cette arrestation en vue d\u2019envoyer le dossier d\u2019extradition par voie diplomatique.<\/p>\n<\/div>\n<p>Auteur: Mohammed KOURSI<br \/>\n<a href=\"http:\/\/www.mapmarrakech.ma\/fr\/essaouira-arrestation-dun-francais-faisant-lobjet-dun-avis-de-recherche-international-pour-trafic-de-drogue-dgsn\/\">Cliquez ici pour lire l&rsquo;article depuis sa source.<\/a><\/p>\n","protected":false},"excerpt":{"rendered":"<p>Rabat- La brigade de la police judiciaire du district provincial d\u2019Essaouira a arr\u00eat\u00e9, vendredi, un ressortissant fran\u00e7ais faisant l\u2019objet d\u2019un avis de recherche international \u00e9mis en 2017 par les autorit\u00e9s judiciaires de son pays, pour trafic de drogues, indique la Direction g\u00e9n\u00e9rale de la s\u00fbret\u00e9 nationale (DGSN). L\u2019arrestation du mis en cause, 38 ans, qui [&hellip;]<\/p>\n","protected":false},"author":1788,"featured_media":30595,"comment_status":"closed","ping_status":"closed","sticky":false,"template":"","format":"standard","meta":{"fifu_image_url":"","fifu_image_alt":"","footnotes":""},"categories":[54,76],"tags":[],"class_list":["post-30594","post","type-post","status-publish","format-standard","has-post-thumbnail","hentry","category-maroc","category-regions"],"_links":{"self":[{"href":"https:\/\/linitiative.ca\/International\/wp-json\/wp\/v2\/posts\/30594","targetHints":{"allow":["GET"]}}],"collection":[{"href":"https:\/\/linitiative.ca\/International\/wp-json\/wp\/v2\/posts"}],"about":[{"href":"https:\/\/linitiative.ca\/International\/wp-json\/wp\/v2\/types\/post"}],"author":[{"embeddable":true,"href":"https:\/\/linitiative.ca\/International\/wp-json\/wp\/v2\/users\/1788"}],"replies":[{"embeddable":true,"href":"https:\/\/linitiative.ca\/International\/wp-json\/wp\/v2\/comments?post=30594"}],"version-history":[{"count":0,"href":"https:\/\/linitiative.ca\/International\/wp-json\/wp\/v2\/posts\/30594\/revisions"}],"wp:featuredmedia":[{"embeddable":true,"href":"https:\/\/linitiative.ca\/International\/wp-json\/"}],"wp:attachment":[{"href":"https:\/\/linitiative.ca\/International\/wp-json\/wp\/v2\/media?parent=30594"}],"wp:term":[{"taxonomy":"category","embeddable":true,"href":"https:\/\/linitiative.ca\/International\/wp-json\/wp\/v2\/categories?post=30594"},{"taxonomy":"post_tag","embeddable":true,"href":"https:\/\/linitiative.ca\/International\/wp-json\/wp\/v2\/tags?post=30594"}],"curies":[{"name":"wp","href":"https:\/\/api.w.org\/{rel}","templated":true}]}}