{"id":30597,"date":"2019-04-27T05:54:01","date_gmt":"2019-04-27T09:54:01","guid":{"rendered":"https:\/\/linitiative.ca\/International\/rencontre-nationale-sur-le-tourisme-de-montagne-dans-louarsenis\/"},"modified":"2019-04-27T05:54:01","modified_gmt":"2019-04-27T09:54:01","slug":"rencontre-nationale-sur-le-tourisme-de-montagne-dans-louarsenis","status":"publish","type":"post","link":"https:\/\/linitiative.ca\/International\/rencontre-nationale-sur-le-tourisme-de-montagne-dans-louarsenis\/","title":{"rendered":"Rencontre nationale sur le tourisme de montagne dans l\u2019Ouarsenis"},"content":{"rendered":"<div>\n<div class=\"K2FeedImage\"><img decoding=\"async\" src=\"http:\/\/www.aps.dz\/media\/k2\/items\/cache\/7fc0d64bb78b9406901453133e833929_S.jpg\" alt=\"Rencontre nationale sur le tourisme de montagne dans l\u2019Ouarsenis\"><\/div>\n<div class=\"K2FeedIntroText\">\n<p>TISSEMSILT &#8211; Une premi\u00e8re rencontre nationale sur le tourisme de montagne dans l\u2019Ouarsenis a d\u00e9but\u00e9 vendredi \u00e0Tissemsilt sous le slogan \u00ab\u00a0l\u2019Ouarsenis, culture et arts\u00a0\u00bb.<\/p>\n<\/div>\n<div class=\"K2FeedFullText\">\n<blockquote>\n<p><em><strong>Initi\u00e9e par l&rsquo;Office local de tourisme et des activit\u00e9s juv\u00e9niles de la commune de Tissemsilt, en collaboration avec des amateurs d\u2019exploration et de tourisme de la wilaya, des communes de Boukaid, Sidi Slimane, Bordj Bouna\u00e2ma et Beni Chaib, cette manifestation enregistre la participation de plus de 80 jeunes amateurs d\u2019exploration, de randonn\u00e9es et d&rsquo;aventures et de photographes de 11 wilayas du pays.<\/strong><\/em><\/p>\n<\/blockquote>\n<p>La premi\u00e8re journ\u00e9e de cette manifestation a \u00e9t\u00e9 marqu\u00e9e par une vir\u00e9e \u00e0 des sites touristiques dont rec\u00e8le la r\u00e9gion du Ouarsenis dont celui de \u00ab\u00a0Mitidja\u00a0\u00bb, dans la commune de Bordj Bounaama, et celui de \u00ab\u00a0Bin El kiffane\u00a0\u00bb et la for\u00eat \u00ab\u00a0Ain Antar\u00a0\u00bb, dans la commune de Boukaid.<\/p>\n<blockquote>\n<p><em><strong>Le programme de cette rencontre de deux jours comporte des vir\u00e9es touristiques et des randonn\u00e9es dans des sites pittoresques de l\u2019Ouarsenis dont les sources thermales de Sidi Slimane, et des activit\u00e9s sportives de montagne, ainsi qu\u2019un camping pr\u00e9vu dans la soir\u00e9e au site abritant les deux arbres mill\u00e9naires \u00ab\u00a0Soltane\u00a0\u00bb et \u00ab\u00a0Soltana\u00a0\u00bb, dans la for\u00eat d\u2019Ain Tahar.<\/strong><\/em><\/p>\n<\/blockquote>\n<p>En outre, une sortie est programm\u00e9e au profit des photographes pour une prise de plans de sites f\u00e9eriques, de m\u00eame qu\u2019une soir\u00e9e artistique et culturelle en l&rsquo;honneur des d\u00e9l\u00e9gations.<\/p>\n<p>Cette rencontre vise \u00e0 faire d\u00e9couvrir les atouts touristiques dont dispose l\u2019Ouarsenis, \u00e0 instaurer une culture touristique et photographique chez les jeunes, et \u00e0 encourager le camping, a-t-on soulign\u00e9.<\/p>\n<p>\u00a0<\/p>\n<\/div>\n<\/div>\n<p>Auteur:<br \/>\n<a href=\"http:\/\/www.aps.dz\/regions\/88655-rrencontre-nationale-sur-le-tourisme-de-montagne-dans-l-ouarsenis\">Cliquez ici pour lire l&rsquo;article depuis sa source.<\/a><\/p>\n","protected":false},"excerpt":{"rendered":"<p>TISSEMSILT &#8211; Une premi\u00e8re rencontre nationale sur le tourisme de montagne dans l\u2019Ouarsenis a d\u00e9but\u00e9 vendredi \u00e0Tissemsilt sous le slogan \u00ab\u00a0l\u2019Ouarsenis, culture et arts\u00a0\u00bb. Initi\u00e9e par l&rsquo;Office local de tourisme et des activit\u00e9s juv\u00e9niles de la commune de Tissemsilt, en collaboration avec des amateurs d\u2019exploration et de tourisme de la wilaya, des communes de Boukaid, [&hellip;]<\/p>\n","protected":false},"author":1790,"featured_media":30598,"comment_status":"closed","ping_status":"closed","sticky":false,"template":"","format":"standard","meta":{"fifu_image_url":"","fifu_image_alt":"","footnotes":""},"categories":[53,76],"tags":[],"class_list":["post-30597","post","type-post","status-publish","format-standard","has-post-thumbnail","hentry","category-algerie","category-regions"],"_links":{"self":[{"href":"https:\/\/linitiative.ca\/International\/wp-json\/wp\/v2\/posts\/30597","targetHints":{"allow":["GET"]}}],"collection":[{"href":"https:\/\/linitiative.ca\/International\/wp-json\/wp\/v2\/posts"}],"about":[{"href":"https:\/\/linitiative.ca\/International\/wp-json\/wp\/v2\/types\/post"}],"author":[{"embeddable":true,"href":"https:\/\/linitiative.ca\/International\/wp-json\/wp\/v2\/users\/1790"}],"replies":[{"embeddable":true,"href":"https:\/\/linitiative.ca\/International\/wp-json\/wp\/v2\/comments?post=30597"}],"version-history":[{"count":0,"href":"https:\/\/linitiative.ca\/International\/wp-json\/wp\/v2\/posts\/30597\/revisions"}],"wp:featuredmedia":[{"embeddable":true,"href":"https:\/\/linitiative.ca\/International\/wp-json\/"}],"wp:attachment":[{"href":"https:\/\/linitiative.ca\/International\/wp-json\/wp\/v2\/media?parent=30597"}],"wp:term":[{"taxonomy":"category","embeddable":true,"href":"https:\/\/linitiative.ca\/International\/wp-json\/wp\/v2\/categories?post=30597"},{"taxonomy":"post_tag","embeddable":true,"href":"https:\/\/linitiative.ca\/International\/wp-json\/wp\/v2\/tags?post=30597"}],"curies":[{"name":"wp","href":"https:\/\/api.w.org\/{rel}","templated":true}]}}