{"id":30603,"date":"2019-04-27T07:27:31","date_gmt":"2019-04-27T11:27:31","guid":{"rendered":"https:\/\/linitiative.ca\/International\/deces-de-16-candidats-a-limmigration-clandestine-issus-de-lafrique-subsaharienne-suite-a-la-chute-de-leur-vehicule-dans-un-canal-dirrigation-entre-saidia-et-nador\/"},"modified":"2019-04-27T07:27:31","modified_gmt":"2019-04-27T11:27:31","slug":"deces-de-16-candidats-a-limmigration-clandestine-issus-de-lafrique-subsaharienne-suite-a-la-chute-de-leur-vehicule-dans-un-canal-dirrigation-entre-saidia-et-nador","status":"publish","type":"post","link":"https:\/\/linitiative.ca\/International\/deces-de-16-candidats-a-limmigration-clandestine-issus-de-lafrique-subsaharienne-suite-a-la-chute-de-leur-vehicule-dans-un-canal-dirrigation-entre-saidia-et-nador\/","title":{"rendered":"D\u00e9c\u00e8s de 16 candidats \u00e0 l\u2019immigration clandestine, issus de l\u2019Afrique subsaharienne, suite \u00e0 la chute de leur v\u00e9hicule dans un canal d\u2019irrigation entre Saidia et Nador"},"content":{"rendered":"<div class=\"single-featured\"><img alt=\"\u0645\u0635\u0631\u0639 16 \u0645\u0646 \u0627\u0644\u0627\u0634\u062e\u0627\u0635 \u0627\u0644\u0645\u0631\u0634\u062d\u064a\u0646 \u0644\u0644\u0647\u062c\u0631\u0629 \u0627\u0644\u0633\u0631\u064a\u0629 \u0645\u0646 \u0628\u0644\u062f\u0627\u0646 \u0625\u0641\u0631\u064a\u0642\u064a\u0627 \u062c\u0646\u0648\u0628 \u0627\u0644\u0635\u062d\u0631\u0627\u0621\" data-src=\"http:\/\/www.mapoujda.ma\/map\/uploads\/2019\/04\/\u0645\u0635\u0631\u0639-16-\u0645\u0646-\u0627\u0644\u0627\u0634\u062e\u0627\u0635-\u0627\u0644\u0645\u0631\u0634\u062d\u064a\u0646-\u0644\u0644\u0647\u062c\u0631\u0629-\u0627\u0644\u0633\u0631\u064a\u0629.jpg\"\/><\/div>\n<div class=\"single-post-excerpt post-excerpt-bc\" readability=\"38\">\n<p>Seize candidats \u00e0 l\u2019immigration clandestine issus de pays de l\u2019Afrique subsaharienne sont d\u00e9c\u00e9d\u00e9s et 17 autres ont \u00e9t\u00e9 bless\u00e9s plus ou moins gri\u00e8vement, samedi matin suite \u00e0 la chute de leur v\u00e9hicule dans un canal d\u2019irrigation situ\u00e9 sur la route secondaire reliant Sa\u00efdia et Nador au niveau de la commune La\u00e2tamna, cercle d\u2019Ahfir (province de\u00a0Berkane), ont indiqu\u00e9 les autorit\u00e9s locales.<\/p>\n<\/div>\n<div class=\"entry-content clearfix single-post-content\" readability=\"46\">\n<p>Aussit\u00f4t alert\u00e9es, les autorit\u00e9s locales et s\u00e9curitaires et les services de la Protection civile se sont d\u00e9p\u00each\u00e9s sur les lieux de l\u2019accident et ont proc\u00e9d\u00e9 \u00e0 l\u2019\u00e9vacuation des bless\u00e9s \u00e0 l\u2019h\u00f4pital provincial de\u00a0Berkane pour recevoir les soins n\u00e9cessaires, pr\u00e9cise la m\u00eame source.<\/p>\n<p>Une enqu\u00eate a \u00e9t\u00e9 ouverte par les autorit\u00e9s comp\u00e9tentes, sous la supervision du parquet, afin d\u2019\u00e9lucider les circonstances de cet accident et les ramifications de l\u2019organisation de cette tentative d\u2019immigration clandestine, souligne la m\u00eame source, ajoutant que les investigations sont en cours pour arr\u00eater le conducteur du v\u00e9hicule qui avait pris la fuite.<\/p>\n<\/div>\n<p>Auteur: Soufiane ELAHMAR<br \/>\n<a href=\"http:\/\/www.mapoujda.ma\/fr\/deces-de-16-candidats-a-limmigration-clandestine-issus-de-lafrique-subsaharienne-suite-a-la-chute-de-leur-vehicule-dans-un-canal-dirrigation-entre-saidia-et-nador-autorites-locales\/\">Cliquez ici pour lire l&rsquo;article depuis sa source.<\/a><\/p>\n","protected":false},"excerpt":{"rendered":"<p>Seize candidats \u00e0 l\u2019immigration clandestine issus de pays de l\u2019Afrique subsaharienne sont d\u00e9c\u00e9d\u00e9s et 17 autres ont \u00e9t\u00e9 bless\u00e9s plus ou moins gri\u00e8vement, samedi matin suite \u00e0 la chute de leur v\u00e9hicule dans un canal d\u2019irrigation situ\u00e9 sur la route secondaire reliant Sa\u00efdia et Nador au niveau de la commune La\u00e2tamna, cercle d\u2019Ahfir (province de\u00a0Berkane), [&hellip;]<\/p>\n","protected":false},"author":1788,"featured_media":30604,"comment_status":"closed","ping_status":"closed","sticky":false,"template":"","format":"standard","meta":{"fifu_image_url":"","fifu_image_alt":"","footnotes":""},"categories":[54,76],"tags":[],"class_list":["post-30603","post","type-post","status-publish","format-standard","has-post-thumbnail","hentry","category-maroc","category-regions"],"_links":{"self":[{"href":"https:\/\/linitiative.ca\/International\/wp-json\/wp\/v2\/posts\/30603","targetHints":{"allow":["GET"]}}],"collection":[{"href":"https:\/\/linitiative.ca\/International\/wp-json\/wp\/v2\/posts"}],"about":[{"href":"https:\/\/linitiative.ca\/International\/wp-json\/wp\/v2\/types\/post"}],"author":[{"embeddable":true,"href":"https:\/\/linitiative.ca\/International\/wp-json\/wp\/v2\/users\/1788"}],"replies":[{"embeddable":true,"href":"https:\/\/linitiative.ca\/International\/wp-json\/wp\/v2\/comments?post=30603"}],"version-history":[{"count":0,"href":"https:\/\/linitiative.ca\/International\/wp-json\/wp\/v2\/posts\/30603\/revisions"}],"wp:featuredmedia":[{"embeddable":true,"href":"https:\/\/linitiative.ca\/International\/wp-json\/"}],"wp:attachment":[{"href":"https:\/\/linitiative.ca\/International\/wp-json\/wp\/v2\/media?parent=30603"}],"wp:term":[{"taxonomy":"category","embeddable":true,"href":"https:\/\/linitiative.ca\/International\/wp-json\/wp\/v2\/categories?post=30603"},{"taxonomy":"post_tag","embeddable":true,"href":"https:\/\/linitiative.ca\/International\/wp-json\/wp\/v2\/tags?post=30603"}],"curies":[{"name":"wp","href":"https:\/\/api.w.org\/{rel}","templated":true}]}}