{"id":30605,"date":"2019-04-27T15:14:15","date_gmt":"2019-04-27T19:14:15","guid":{"rendered":"https:\/\/linitiative.ca\/International\/ligue-1-2-mob-les-mobistes-denoncent-les-deux-poids-deux-mesures-de-la-ligue\/"},"modified":"2019-04-27T15:14:15","modified_gmt":"2019-04-27T19:14:15","slug":"ligue-1-2-mob-les-mobistes-denoncent-les-deux-poids-deux-mesures-de-la-ligue","status":"publish","type":"post","link":"https:\/\/linitiative.ca\/International\/ligue-1-2-mob-les-mobistes-denoncent-les-deux-poids-deux-mesures-de-la-ligue\/","title":{"rendered":"Ligue 1 &amp; 2 : MOB: Les Mobistes d\u00e9noncent les deux poids deux mesures de la Ligue"},"content":{"rendered":"<div readability=\"32\">\n<p>Auteur : <span>S. A.<\/span> <span class=\"time\">samedi 27 avril 2019 16:05<\/span><\/p>\n<\/div>\n<div id=\"post_core\" readability=\"112\">\n<p>Apr\u00e8s l\u2019\u00e9tude du dossier du match ASAM-MOB qui s\u2019est jou\u00e9 \u00e0 A\u00efn M\u2019lila dimanche dernier, pour le compte de la 26e journ\u00e9e, la commission de discipline de la Ligue nationale a pris une s\u00e9rie de mesures qu\u2019elle a rendue publique \u00e0 travers son site Internet. Juste apr\u00e8s avoir pris connaissance du verdict, les responsables du MOB n\u2019ont pas manqu\u00e9 de crier au scandale. D\u2019ailleurs, ils vont faire appel de cette d\u00e9cision aupr\u00e8s de l\u2019instance comp\u00e9tente. En effet, les B\u00e9jaouis ne s\u2019attendaient gu\u00e8re \u00e0 une telle sanction, le secr\u00e9taire g\u00e9n\u00e9ral de l\u2019\u00e9quipe a \u00e9t\u00e9 auditionn\u00e9 par la commission de discipline et a su d\u00e9fendre le dossier du MOB. Les rapports du commissaire au match et de l\u2019arbitre ne plaidaient pas en faveur du MOB et c\u2019est pour cette raison que les B\u00e9jaouis sont scandalis\u00e9s par cette d\u00e9cision.<br \/><strong>Quatre matches de suspension pour Kadous et Kadri<\/strong><br \/>Les deux joueurs du MOB, Ahmed Kadous et Mehdi Kadri, n&rsquo;oublieront pas de sit\u00f4t le match ayant oppos\u00e9 leur \u00e9quipe \u00e0 l\u2019ASAM, il y a une semaine. En effet, les deux joueurs, qui ont \u00e9t\u00e9 expuls\u00e9s lors de cette m\u00eame rencontre, ont \u00e9t\u00e9 suspendus quatre matchs dont deux en sursis pour comportement antisportif envers les officiels, assortie de 40.000 da d\u2019amende chacun. La d\u00e9cision de les sanctionner quatre matchs n&rsquo;a pas \u00e9t\u00e9 du go\u00fbt de la direction b\u00e9jaouie. Cette derni\u00e8re a introduit un recours au niveau de la commission de discipline pour revoir cette sanction \u00e0 la baisse.<br \/><strong>Kadri : \u00abJe n\u2019ai rien fait pour m\u00e9riter une telle sanction\u00bb<\/strong><br \/>Joint par t\u00e9l\u00e9phone, quelques minutes seulement apr\u00e8s l\u2019annonce de la sanction, Kadri s\u2019est montr\u00e9 surpris par cette nouvelle, en nous d\u00e9clarant : \u00abMe sanctionner de quatre matchs est injuste, dans la mesure o\u00f9 je n\u2019ai absolument rien fait pour m\u00e9riter cette sanction. Je ne me suis jamais rapproch\u00e9 de l\u2019arbitre que se soit avant, pendant ou bien apr\u00e8s le match. Je ne l\u2019ai jamais bouscul\u00e9. Je suis vraiment abattu moralement, surtout que notre \u00e9quipe traverse une mauvaise passe actuellement en championnat. Je vais voir avec les responsables du club si on peut faire un recours aupr\u00e8s de la Ligue.\u00bb<br \/><strong>Bencherif s\u2019en sort avec un seul match<\/strong><br \/>Concernant le gardien b\u00e9jaoui Ali Bencehrif qui a retrouv\u00e9 la comp\u00e9tition lors du dernier match face \u00e0 l\u2019ASAM, il a \u00e9cop\u00e9 d\u2019un match de suspension ferme inflig\u00e9 par la commission de discipline de la Ligue nationale de football (LFP), suite \u00e0 son deuxi\u00e8me carton jaune qu\u2019il a re\u00e7u lors de ce m\u00eame match. Ce dernier ratera la rencontre de ce samedi face au PAC et sera donc de retour \u00e0 l\u2019occasion du d\u00e9placement \u00e0 Alger pour affronter le MCA \u00e0 l\u2019occasion de la 28e journ\u00e9e.<br \/><strong>La direction saisit la commission d\u2019arbitrage<\/strong><br \/>Cette fois-ci, la direction, scandalis\u00e9e par la rencontre de la veille, d\u00e9cide de saisir la commission d\u2019arbitrage pour d\u00e9noncer l\u2019acharnement depuis quelque temps de certains arbitres contre leur \u00e9quipe. En effet, les responsables du club sont mont\u00e9s au cr\u00e9neau, et ne comptent pas en rester l\u00e0, puisque, selon les dirigeants, un rapport bien d\u00e9taill\u00e9 sera envoy\u00e9 dans les prochaines heures \u00e0 la Ligue de football professionnel, et ce pour d\u00e9noncer l&rsquo;arbitrage. Les responsables ne se tairont pas, et envisagent d&rsquo;aller loin dans cette affaire qui fait couler beaucoup d&rsquo;encre.<\/p>\n<p><strong>Adrar : \u00abApparemment, la loi s\u2019applique seulement contre certains clubs\u00bb<\/strong><br \/>Le pr\u00e9sident b\u00e9jaoui, Akli Adrar, ne compte pas rester les bras crois\u00e9s, en d\u00e9clarant ce qui suit : \u00abOn est tous sous le choc, on ne comprend rien \u00e0 cette d\u00e9cision prise par la commission de discipline de la LFP. Qu\u2019ont-ils fait, nos joueurs, pour m\u00e9riter d\u2019\u00eatre sanctionn\u00e9s ? Tout le monde a vu que ce sont les visiteurs qui ont provoqu\u00e9 la pagaille. Les m\u00eames incidents se sont produits \u00e0 Magra qui a \u00e9t\u00e9 lourdement sanctionn\u00e9, pas l\u2019ASAM. On ne sait pourquoi ? Maintenant, on nous sanctionne en incombant la responsabilit\u00e9 \u00e0 nos joueurs. C\u2019est une sanction inacceptable et injuste. On ne va pas se taire, on va saisir qui de droit en introduisant un recours pour annuler cette sanction et sanctionner le vrai fautif.\u00bb<br \/>\u00a0<\/p>\n<p><strong>Soltane \u00abLe MOB ne m\u00e9rite pas ce qui lui arrive cette saison\u00bb<\/strong><\/p>\n<p><strong>Comment se d\u00e9roulent les entra\u00eenements apr\u00e8s la derni\u00e8re d\u00e9faite face \u00e0 l\u2019ASAM ?<\/strong><br \/>C\u2019est difficile \u00e0 dig\u00e9rer. On aurait voulu que les choses se d\u00e9roulent autrement car on voulait offrir aux supporters une victoire, mais dommage. On a encaiss\u00e9 un but inattendu en fin de match. Maintenant, il faut oublier cette rencontre et regarder devant nous.<br \/><strong>Quelles sont les raisons de cette d\u00e9faite ?<\/strong><br \/>Pour ne pas trop parler des fautes de l\u2019arbitre je dirais aussi que c\u2019est le manque de concentration en d\u00e9but de rencontre qui nous a \u00e9t\u00e9 fatal, on perd une balle au milieu et \u00e7a donne une bonne passe vers l\u2019avant. En plus, on n\u2019est pas parvenus \u00e0 renverser la vapeur, car l\u2019adversaire a ferm\u00e9 toutes les issues en se regroupant derri\u00e8re tout en usant d\u2019une certaine malice, c\u2019est pour cela que je dis qu\u2019il faut oublier et corriger les erreurs pour mieux entrevoir le prochain match.<br \/><strong>Ne pensez-vous pas que l\u2019action rat\u00e9e par Tour\u00e9 \u00e9tait le tournant du match ?<\/strong><br \/>On aurait aim\u00e9 prendre l\u2019avantage dans ce match. Tour\u00e9 a rat\u00e9 une occasion, seul face au gardien, mais ce n\u2019est pas la fin du monde. Il ne faut pas bl\u00e2mer le joueur qui a rat\u00e9 une simple occasion. Ce sont des choses qui arrivent. Cela est arriv\u00e9 m\u00eame aux plus grands joueurs du monde.<br \/><strong>On sent que vous-\u00eates d\u00e9\u00e7u\u2026<\/strong><br \/>Oui, je suis m\u00eame tr\u00e8s d\u00e9\u00e7u, car on pouvait gagner facilement ce match, perdre d\u2019une telle mani\u00e8re, c\u2019est vraiment affectant. Certes le football est fait ainsi mais c\u2019est difficile de dig\u00e9rer ce revers surtout \u00e0 ce stade du jeu. Si c\u2019\u00e9tait un match de d\u00e9but de saison, \u00e7a aurait eu moins d\u2019effets sur le moral du groupe qui a re\u00e7u un coup s\u00e9rieux. Toutefois on doit oublier ce match maintenant pour nous concentrer sur l\u2019avenir. \u00a0<br \/><strong>Cette d\u00e9faite n\u2019influera pas sur l\u2019\u00e9quipe pour la suite des \u00e9ch\u00e9ances surtout que le MOB a perdu toutes ses chances de se maintenir ?<\/strong><br \/>La d\u00e9faite nous fait mal, certes, mais il ne faut pas en rester l\u00e0. Nous devons oublier et tourner la page pour le moment. Nous avons d\u2019autres matches \u00e0 jouer. Il ne faut pas oublier aussi qu\u2019un match important nous attend face au PAC. Il reste encore quatre matches, on fera tout pour gagner le maximum de points.<br \/><strong>Et comment vous allez aborder ces derniers matches de la saison ?<\/strong><br \/>M\u00eame si on a hypoth\u00e9qu\u00e9 nos chances apr\u00e8s la derni\u00e8re d\u00e9faite, je tiens \u00e0 vous dire qu\u2019on va jouer les matches restants avec la m\u00eame volont\u00e9. Comme je viens de vous le dire, on a perdu une bataille et pas la guerre. Ce n\u2019est pas le moment de se d\u00e9courager. C\u2019est vrai que c\u2019est toujours tr\u00e8s difficile de s\u2019en remettre apr\u00e8s une d\u00e9faite, mais je peux vous dire qu\u2019on a un bon groupe qui peut g\u00e9rer ces moments difficiles et se ressaisir le plus t\u00f4t possible. \u00a0<br \/><strong>Vos supporters doivent \u00eatre d\u00e9\u00e7us. Qu\u2019avez-vous \u00e0 leur dire ?<\/strong><br \/>C\u2019est d\u00e9cevant, certes, et nous demandons \u00e0 nos supporters de nous excuser. On aurait aim\u00e9 leur offrir une victoire. Personne n&rsquo;est \u00e0 bl\u00e2mer car le football est ainsi fait, il y a des jours o\u00f9 tout va de travers. Il faut \u00e0 pr\u00e9sent r\u00e9aliser des r\u00e9sultats \u00e0 l\u2019avenir pour leur faire oublier ces derniers revers subis en championnat.<br \/>\u00a0<\/p>\n<p><strong>Publi\u00e9 dans :<\/strong> <span>MOB<\/span> <span>Soltane<\/span> <span>Kadous et Kadri<\/span><\/p>\n<\/div>\n<p>Auteur:<br \/>\n<a href=\"http:\/\/www.lebuteur.com\/article\/detail?titre=mob-les-mobistes-denoncent-les-deux-poids-deux-mesures-de-la-ligue&#038;id=88327&#038;utm_source=feedburner&#038;utm_medium=feed&#038;utm_campaign=Feed%3A+GalerieFArtciles+%28Les+derniers+articles++-+lebuteur.com%29\">Cliquez ici pour lire l&rsquo;article depuis sa source.<\/a><\/p>\n","protected":false},"excerpt":{"rendered":"<p>Auteur : S. A. samedi 27 avril 2019 16:05 Apr\u00e8s l\u2019\u00e9tude du dossier du match ASAM-MOB qui s\u2019est jou\u00e9 \u00e0 A\u00efn M\u2019lila dimanche dernier, pour le compte de la 26e journ\u00e9e, la commission de discipline de la Ligue nationale a pris une s\u00e9rie de mesures qu\u2019elle a rendue publique \u00e0 travers son site Internet. Juste [&hellip;]<\/p>\n","protected":false},"author":1738,"featured_media":30606,"comment_status":"closed","ping_status":"closed","sticky":false,"template":"","format":"standard","meta":{"fifu_image_url":"","fifu_image_alt":"","footnotes":""},"categories":[53,75],"tags":[],"class_list":["post-30605","post","type-post","status-publish","format-standard","has-post-thumbnail","hentry","category-algerie","category-sport"],"_links":{"self":[{"href":"https:\/\/linitiative.ca\/International\/wp-json\/wp\/v2\/posts\/30605","targetHints":{"allow":["GET"]}}],"collection":[{"href":"https:\/\/linitiative.ca\/International\/wp-json\/wp\/v2\/posts"}],"about":[{"href":"https:\/\/linitiative.ca\/International\/wp-json\/wp\/v2\/types\/post"}],"author":[{"embeddable":true,"href":"https:\/\/linitiative.ca\/International\/wp-json\/wp\/v2\/users\/1738"}],"replies":[{"embeddable":true,"href":"https:\/\/linitiative.ca\/International\/wp-json\/wp\/v2\/comments?post=30605"}],"version-history":[{"count":0,"href":"https:\/\/linitiative.ca\/International\/wp-json\/wp\/v2\/posts\/30605\/revisions"}],"wp:featuredmedia":[{"embeddable":true,"href":"https:\/\/linitiative.ca\/International\/wp-json\/"}],"wp:attachment":[{"href":"https:\/\/linitiative.ca\/International\/wp-json\/wp\/v2\/media?parent=30605"}],"wp:term":[{"taxonomy":"category","embeddable":true,"href":"https:\/\/linitiative.ca\/International\/wp-json\/wp\/v2\/categories?post=30605"},{"taxonomy":"post_tag","embeddable":true,"href":"https:\/\/linitiative.ca\/International\/wp-json\/wp\/v2\/tags?post=30605"}],"curies":[{"name":"wp","href":"https:\/\/api.w.org\/{rel}","templated":true}]}}