{"id":30611,"date":"2019-04-27T15:14:19","date_gmt":"2019-04-27T19:14:19","guid":{"rendered":"https:\/\/linitiative.ca\/International\/ligue-1-2-jsk-mellal-nous-navons-contacte-aucun-joueur\/"},"modified":"2019-04-27T15:14:19","modified_gmt":"2019-04-27T19:14:19","slug":"ligue-1-2-jsk-mellal-nous-navons-contacte-aucun-joueur","status":"publish","type":"post","link":"https:\/\/linitiative.ca\/International\/ligue-1-2-jsk-mellal-nous-navons-contacte-aucun-joueur\/","title":{"rendered":"Ligue 1 &amp; 2 : JSK &#8211; Mellal: \u00ab\u00a0Nous n\u2019avons contact\u00e9 aucun joueur\u00a0\u00bb"},"content":{"rendered":"<div readability=\"32\">\n<p>Auteur : <span>Sa\u00efd D.<\/span> <span class=\"time\">samedi 27 avril 2019 16:05<\/span><\/p>\n<\/div>\n<div id=\"post_core\" readability=\"98\">\n<p>A quelques journ\u00e9es de la fin de la saison, la direction de la JSK n\u2019a, pour le moment, pris attache avec aucun joueur cibl\u00e9. En effet, les responsables de l\u2019\u00e9quipe ne souhaitent pas s\u2019attaquer au prochain mercato puisqu\u2019il reste encore des matchs\u00a0 d\u00e9cisifs \u00e0 jouer et un titre de championnat \u00e0 remporter. De ce fait, le pr\u00e9sident du club le plus titr\u00e9 d\u2019Alg\u00e9rie a d\u00e9clar\u00e9 qu\u2019on n\u2019a encore pris ou discut\u00e9 avec aucun\u00a0 potentiel joueur \u00e0 recruter\u00a0 par respect aux autres \u00e9quipes : \u00ab Je sais qu\u2019on rapporte un peu partout que nous avons contact\u00e9 des joueurs et que nous avons m\u00eame finalis\u00e9 avec eux. Aujourd\u2019hui, je tiens \u00e0 dire que ce n\u2019est pas vrai et que nous n\u2019avons encore n\u00e9goci\u00e9 avec qui que ce soit. Notre concentration est bas\u00e9e sur les quatre\u00a0 derniers matchs de la saison, nous avons un objectif \u00e0 relever, celui de remporter le titre. Autre chose, nous avons le temps\u00a0\u00a0 pour en parler. \u00bb<\/p>\n<p><strong>\u00abJe ne veux pas avoir de probl\u00e8mes avec mes amis pr\u00e9sidents\u00bb<\/strong><br \/>Si le pr\u00e9sident Mellal a d\u00e9cid\u00e9 de ne pas\u00a0 prendre attache avec les joueurs qu\u2019il souhaiterait enr\u00f4ler, c\u2019est par respect \u00e0 leurs clubs respectifs : \u00ab Si je tiens \u00e0 pr\u00e9ciser que nous n\u2019avons contact\u00e9 aucun joueur encore, c\u2019est pour ne pas avoir de probl\u00e8mes avec les clubs. Les pr\u00e9sidents sont mes amis, je ne veux pas avoir un diff\u00e9rend avec eux pour un joueur. Ce n\u2019est pas encore la fin de la saison, nous avons le temps qu\u2019il faut pour ouvrir le march\u00e9 des transferts et recruter les \u00e9l\u00e9ments qui pourront apporter un plus \u00e0 notre \u00e9quipe. \u00bb<\/p>\n<p><strong>\u00abIl reste encore des matchs d\u00e9cisifs \u00e0 jouer, restons concentr\u00e9s\u00bb<\/strong><br \/>A propos de la suite de la comp\u00e9tition et les chances de remporter le titre qui fuit la maison depuis 2008, le patron de la JSK a d\u00e9clar\u00e9 qu\u2019il reste encore quatre finales \u00e0 jouer, soit des parties d\u00e9cisives qu\u2019il faudra \u00e0 tout prix gagner pour ne pas l\u00e2cher la deuxi\u00e8me place, dans un premier temps, et essayer de d\u00e9passer l\u2019USMA : \u00ab La saison n\u2019est pas encore finie, il reste encore quatre gros matchs \u00e0 jouer, ce sont des finales pour les \u00e9quipes qui souhaitent remporter le titre. Nous allons profiter de la tr\u00eave pour corriger nos lacunes afin de revenir avec une victoire de Constantine. Je suis confiant, je sais que nous sommes capables de les surprendre. \u00bb<\/p>\n<p><strong>\u00abNous allons pr\u00e9parer de la meilleure des mani\u00e8res le d\u00e9placement \u00e0 Constantine\u00bb<\/strong><br \/>Toujours en ce qui concerne le p\u00e9rilleux d\u00e9placement qui attend la JSK le 11 mai prochain \u00e0 Constantine, le pr\u00e9sident Mellal nous a fait savoir que tout sera mis \u00e0 la disposition des joueurs afin qu\u2019ils ne manquent de rien : \u00ab Nous allons mettre\u00a0 tout en place afin que les joueurs ne manquent de rien. Il faut pr\u00e9parer de la meilleure des mani\u00e8res ce d\u00e9placement car le r\u00e9sultat du match d\u00e9terminera l\u2019identit\u00e9 du club qui sera le mieux plac\u00e9 pour d\u00e9crocher le titre. Alors, soyons au rendez-vous et faisons plaisir \u00e0 nos supporters. \u00bb<\/p>\n<p><strong>\u00abOn sait qu\u2019on n\u2019a pas le droit \u00e0 l\u2019erreur, on ne doit surtout pas perdre\u00bb<\/strong><br \/>D\u2019apr\u00e8s le pr\u00e9sident Mellal, son \u00e9quipe n\u2019a pas le droit \u00e0 l\u2019erreur car une d\u00e9faite \u00e0 Constantine pourrait fausser les calculs de la direction : \u00ab En d\u00e9but de saison, nous avions fix\u00e9 le maintien comme objectif mais au fil des rencontres, nous nous sommes rendus compte que nous pouvions jouer le haut du tableau et m\u00eame le titre. Et c\u2019est pour cela que j\u2019ai r\u00e9uni les joueurs pour leur demander de jouer leurs chances \u00e0 fond. Du coup, nous n\u2019avons pas le droit de passer \u00e0 c\u00f4t\u00e9. Face au CSC, nous sommes dans l\u2019obligation de jouer \u00e0 fond et de revenir avec un bon r\u00e9sultat. \u00bb<\/p>\n<p><strong>\u00abLes supporters ont un grand r\u00f4le \u00e0 jouer en cette fin de saison\u00bb<\/strong><br \/>Avant de conclure, Mellal n\u2019a pas manqu\u00e9 l\u2019occasion de lancer un message aux supporters pour rester \u00e0 fond derri\u00e8re leur \u00e9quipe en pr\u00e9vision des quatre derni\u00e8res journ\u00e9es : \u00ab En plus de la volont\u00e9 des joueurs, nous aurons besoin du soutien de nos supporters qui, depuis le d\u00e9but de la saison, n\u2019ont pas l\u00e2ch\u00e9 leur \u00e9quipe. Il ne reste pas beaucoup, nous avons quatre finales \u00e0 jouer, mettons\u00a0 main dans la main pour terminer la saison de la meilleure des mani\u00e8res et pourquoi pas, avec une 15e \u00e9toile. \u00bb<br \/>\u00a0<\/p>\n<p><strong>Publi\u00e9 dans :<\/strong> <span>JSK<\/span> <span>USMA<\/span> <span>csc<\/span> <span>Mellal<\/span><\/p>\n<\/div>\n<p>Auteur:<br \/>\n<a href=\"http:\/\/www.lebuteur.com\/article\/detail?titre=jsk-mellal-nous-navons-contacte-aucun-joueur&#038;id=88324&#038;utm_source=feedburner&#038;utm_medium=feed&#038;utm_campaign=Feed%3A+GalerieFArtciles+%28Les+derniers+articles++-+lebuteur.com%29\">Cliquez ici pour lire l&rsquo;article depuis sa source.<\/a><\/p>\n","protected":false},"excerpt":{"rendered":"<p>Auteur : Sa\u00efd D. samedi 27 avril 2019 16:05 A quelques journ\u00e9es de la fin de la saison, la direction de la JSK n\u2019a, pour le moment, pris attache avec aucun joueur cibl\u00e9. En effet, les responsables de l\u2019\u00e9quipe ne souhaitent pas s\u2019attaquer au prochain mercato puisqu\u2019il reste encore des matchs\u00a0 d\u00e9cisifs \u00e0 jouer et [&hellip;]<\/p>\n","protected":false},"author":1738,"featured_media":30612,"comment_status":"closed","ping_status":"closed","sticky":false,"template":"","format":"standard","meta":{"fifu_image_url":"","fifu_image_alt":"","footnotes":""},"categories":[53,75],"tags":[],"class_list":["post-30611","post","type-post","status-publish","format-standard","has-post-thumbnail","hentry","category-algerie","category-sport"],"_links":{"self":[{"href":"https:\/\/linitiative.ca\/International\/wp-json\/wp\/v2\/posts\/30611","targetHints":{"allow":["GET"]}}],"collection":[{"href":"https:\/\/linitiative.ca\/International\/wp-json\/wp\/v2\/posts"}],"about":[{"href":"https:\/\/linitiative.ca\/International\/wp-json\/wp\/v2\/types\/post"}],"author":[{"embeddable":true,"href":"https:\/\/linitiative.ca\/International\/wp-json\/wp\/v2\/users\/1738"}],"replies":[{"embeddable":true,"href":"https:\/\/linitiative.ca\/International\/wp-json\/wp\/v2\/comments?post=30611"}],"version-history":[{"count":0,"href":"https:\/\/linitiative.ca\/International\/wp-json\/wp\/v2\/posts\/30611\/revisions"}],"wp:featuredmedia":[{"embeddable":true,"href":"https:\/\/linitiative.ca\/International\/wp-json\/"}],"wp:attachment":[{"href":"https:\/\/linitiative.ca\/International\/wp-json\/wp\/v2\/media?parent=30611"}],"wp:term":[{"taxonomy":"category","embeddable":true,"href":"https:\/\/linitiative.ca\/International\/wp-json\/wp\/v2\/categories?post=30611"},{"taxonomy":"post_tag","embeddable":true,"href":"https:\/\/linitiative.ca\/International\/wp-json\/wp\/v2\/tags?post=30611"}],"curies":[{"name":"wp","href":"https:\/\/api.w.org\/{rel}","templated":true}]}}