{"id":30617,"date":"2019-04-27T15:14:22","date_gmt":"2019-04-27T19:14:22","guid":{"rendered":"https:\/\/linitiative.ca\/International\/ligue-1-2-crb-fin-de-saison-pour-soumana\/"},"modified":"2019-04-27T15:14:22","modified_gmt":"2019-04-27T19:14:22","slug":"ligue-1-2-crb-fin-de-saison-pour-soumana","status":"publish","type":"post","link":"https:\/\/linitiative.ca\/International\/ligue-1-2-crb-fin-de-saison-pour-soumana\/","title":{"rendered":"Ligue 1 &amp; 2 : CRB: Fin de saison pour Soumana"},"content":{"rendered":"<div readability=\"32\">\n<p>Auteur : <span>Islam Tazibt<\/span> <span class=\"time\">samedi 27 avril 2019 16:05<\/span><\/p>\n<\/div>\n<div id=\"post_core\" readability=\"62\">\n<p>Victime d\u2019une rupture du ligament lat\u00e9ral interne du genou droit lors de la demi-finale aller de la Coupe d\u2019Alg\u00e9rie, Boubacar Soumana Hainikoye a certainement disput\u00e9 face au CS Constantine sa derni\u00e8re rencontre cette saison. En effet, la dur\u00e9e d\u2019indisponibilit\u00e9 du jeune attaquant nig\u00e9rien devrait d\u00e9passer les deux mois. D\u2019ailleurs, une source bien inform\u00e9e nous a confi\u00e9 que Soumana, dont le genou est immobilis\u00e9 depuis plus d\u2019une semaine, pourrait subir une intervention chirurgicale. Comme l\u2019a d\u00e9clar\u00e9 Abdelkader Amrani, hier matin, lors de son intervention \u00e0 la radio. Un coup dur pour le Chabab de Belouizdad qui sera priv\u00e9 d\u2019un de ses meilleurs \u00e9l\u00e9ments durant cette fin de saison.<\/p>\n<p><strong>Attia pour le remplacer<\/strong><br \/>Pour pallier l\u2019absence de Boubacar Soumana, Abdelkader Amrani pourrait compter sur le retour de Mohamed Attia qui revient d\u2019une blessure \u00e0 la cheville. En effet, le neveu d\u2019Arafat Mezouar a r\u00e9int\u00e9gr\u00e9 le groupe la semaine derni\u00e8re. Il a effectu\u00e9 trois s\u00e9ances avec ses co\u00e9quipiers et affiche m\u00eame de bonnes dispositions physiques. M\u00eame s\u2019il n\u2019a toujours pas inscrit son premier but en match officiel, Attia demeure un v\u00e9ritable buteur qui pourrait d\u00e9bloquer certaines situations. Le voir finir la saison comme titulaire est tr\u00e8s peu probable, surtout que les membres du staff technique ont l\u00e2ch\u00e9 leur syst\u00e8me avec deux pointes pour passer \u00e0 une organisation tactique classique en 4-3-3 o\u00f9 Amir Sayoud occupe la pointe du trio d\u2019attaque et dispose d\u2019une grande libert\u00e9 de mouvement.<\/p>\n<p><strong>Chettal \u00e9cart\u00e9 d\u00e9finitivement du groupe<\/strong><br \/>Un autre joueur a termin\u00e9 pr\u00e9matur\u00e9ment la saison, il s\u2019agit de Djamel Chettal qui a \u00e9t\u00e9 \u00e9cart\u00e9 d\u00e9finitivement du groupe. Cela s\u2019est pass\u00e9 mercredi dernier, la matin\u00e9e de la demi-finale retour face au CSC suite \u00e0 un \u00e9ni\u00e8me d\u00e9rapage du joueur form\u00e9 \u00e0 l\u2019USM Alger. Abdelkader Amrani, port\u00e9 par la seule intention de prot\u00e9ger la stabilit\u00e9 et la concentration de son groupe, a d\u00e9cid\u00e9 de mettre \u00e0 l\u2019\u00e9cart Chettal avec qui il a d\u00e9j\u00e0 travaill\u00e9 quand il \u00e9tait \u00e0 la t\u00eate du staff technique du MOB. M\u00eame si aucune d\u00e9cision finale n\u2019a \u00e9t\u00e9 prise par la direction, certaines parties proches de MADAR assurent que Chettal sera le premier joueur lib\u00e9r\u00e9 lors du prochain mercato estival. D\u2019autres personnes estiment que Amrani pourrait l\u2019inviter \u00e0 assister \u00e0 la finale de la Coupe d\u2019Alg\u00e9rie, et ce pour avoir particip\u00e9 au parcours de l\u2019\u00e9quipe. Une chose est s\u00fbre : il ne disputera probablement aucune rencontre sous les couleurs du Chabab.<br \/>\u00a0<\/p>\n<\/div>\n<p>Auteur:<br \/>\n<a href=\"http:\/\/www.lebuteur.com\/article\/detail?titre=crb-fin-de-saison-pour-soumana&#038;id=88316&#038;utm_source=feedburner&#038;utm_medium=feed&#038;utm_campaign=Feed%3A+GalerieFArtciles+%28Les+derniers+articles++-+lebuteur.com%29\">Cliquez ici pour lire l&rsquo;article depuis sa source.<\/a><\/p>\n","protected":false},"excerpt":{"rendered":"<p>Auteur : Islam Tazibt samedi 27 avril 2019 16:05 Victime d\u2019une rupture du ligament lat\u00e9ral interne du genou droit lors de la demi-finale aller de la Coupe d\u2019Alg\u00e9rie, Boubacar Soumana Hainikoye a certainement disput\u00e9 face au CS Constantine sa derni\u00e8re rencontre cette saison. En effet, la dur\u00e9e d\u2019indisponibilit\u00e9 du jeune attaquant nig\u00e9rien devrait d\u00e9passer les [&hellip;]<\/p>\n","protected":false},"author":1738,"featured_media":30618,"comment_status":"closed","ping_status":"closed","sticky":false,"template":"","format":"standard","meta":{"fifu_image_url":"","fifu_image_alt":"","footnotes":""},"categories":[53,75],"tags":[],"class_list":["post-30617","post","type-post","status-publish","format-standard","has-post-thumbnail","hentry","category-algerie","category-sport"],"_links":{"self":[{"href":"https:\/\/linitiative.ca\/International\/wp-json\/wp\/v2\/posts\/30617","targetHints":{"allow":["GET"]}}],"collection":[{"href":"https:\/\/linitiative.ca\/International\/wp-json\/wp\/v2\/posts"}],"about":[{"href":"https:\/\/linitiative.ca\/International\/wp-json\/wp\/v2\/types\/post"}],"author":[{"embeddable":true,"href":"https:\/\/linitiative.ca\/International\/wp-json\/wp\/v2\/users\/1738"}],"replies":[{"embeddable":true,"href":"https:\/\/linitiative.ca\/International\/wp-json\/wp\/v2\/comments?post=30617"}],"version-history":[{"count":0,"href":"https:\/\/linitiative.ca\/International\/wp-json\/wp\/v2\/posts\/30617\/revisions"}],"wp:featuredmedia":[{"embeddable":true,"href":"https:\/\/linitiative.ca\/International\/wp-json\/"}],"wp:attachment":[{"href":"https:\/\/linitiative.ca\/International\/wp-json\/wp\/v2\/media?parent=30617"}],"wp:term":[{"taxonomy":"category","embeddable":true,"href":"https:\/\/linitiative.ca\/International\/wp-json\/wp\/v2\/categories?post=30617"},{"taxonomy":"post_tag","embeddable":true,"href":"https:\/\/linitiative.ca\/International\/wp-json\/wp\/v2\/tags?post=30617"}],"curies":[{"name":"wp","href":"https:\/\/api.w.org\/{rel}","templated":true}]}}