{"id":30619,"date":"2019-04-27T15:14:23","date_gmt":"2019-04-27T19:14:23","guid":{"rendered":"https:\/\/linitiative.ca\/International\/ligue-1-2-mca-mebarakou-mes-ex-camarades-sont-decides-a-tout-donner-pour-terminer-sur-le-podium\/"},"modified":"2019-04-27T15:14:23","modified_gmt":"2019-04-27T19:14:23","slug":"ligue-1-2-mca-mebarakou-mes-ex-camarades-sont-decides-a-tout-donner-pour-terminer-sur-le-podium","status":"publish","type":"post","link":"https:\/\/linitiative.ca\/International\/ligue-1-2-mca-mebarakou-mes-ex-camarades-sont-decides-a-tout-donner-pour-terminer-sur-le-podium\/","title":{"rendered":"Ligue 1 &amp; 2 : MCA &#8211; Mebarakou: \u00abMes ex -camarades sont d\u00e9cid\u00e9s \u00e0 tout donner pour terminer sur le podium\u00bb"},"content":{"rendered":"<div readability=\"32\">\n<p>Auteur : <span>Tarek-Che<\/span> <span class=\"time\">samedi 27 avril 2019 16:05<\/span><\/p>\n<\/div>\n<div id=\"post_core\" readability=\"48\">\n<p>Se trouvant actuellement en Alg\u00e9rie, on a profit\u00e9 de l\u2019occasion pour prendre attache avec Zidane Mebarakou qui \u00e9voque la situation de son ancien club et son parcours avec Al Wehda Saoudi.<br \/><strong>Vous \u00eates actuellement en Alg\u00e9rie. Comment expliquez-vous cette pr\u00e9sence ?<\/strong><br \/>Il y a actuellement une tr\u00eave de trois semaines en Arabie Saoudite. De ce fait, j\u2019ai profit\u00e9 pour rendre visite \u00e0 ma famille et mes amis. J\u2019ai une semaine de repos.<br \/><strong>Vous avez m\u00eame assist\u00e9 \u00e0 la qualification de la JSMB.<\/strong><br \/>La direction du club m\u2019a invit\u00e9 pour ce match. J\u2019\u00e9tais tr\u00e8s content pour la JSMB qui m\u00e9rite cette qualification en finale face \u00e0 un t\u00e9nor du football national. Certes, l\u2019objectif de l\u2019accession n\u2019a pas \u00e9t\u00e9 atteint mais il y a cette qualification historique.<br \/><strong>Pensez-vous que B\u00e9ja\u00efa pourra gagner la coupe ?<\/strong><br \/>Ce sera du 50-50%. Chaque \u00e9quipe aura sa chance m\u00eame si la pression sera plus sur le CRB qui pratique actuellement le meilleur football. C\u2019est la meilleure \u00e9quipe en 2019.<br \/><strong>Comment vous sentez-vous au sein d\u2019Al Wehda ?<\/strong><br \/>Je me sens bien. J\u2019ai rat\u00e9 les deux premiers matchs mais depuis, j\u2019ai disput\u00e9 toutes les rencontres. Je vous informe m\u00eame que le club vient de me proposer une prolongation de deux ans, mais j\u2019ai pr\u00e9f\u00e9r\u00e9 prendre un temps de r\u00e9flexion.<br \/><strong>C\u2019est vrai que l\u2019ancien coach Mido d\u00e9teste cordialement les Alg\u00e9riens et vous avez eu des soucis avec lui ?<\/strong><br \/>Pas du tout. C\u2019est archi-faux. Je peux vous certifier que Mido aime les Alg\u00e9riens. Et c\u2019est d\u2019ailleurs lui qui a fait le forcing pour que je rejoigne Al Wehda. Tout ce qui se dit sur lui, ce ne sont que des rumeurs sans aucun fondement.<br \/><strong>Est-ce que vous suivez l\u2019actualit\u00e9 du Mouloudia ?<\/strong><br \/>Bien \u00e9videmment. Dommage que l\u2019\u00e9quipe n\u2019a rien pu accrocher cette saison. Mais je peux vous dire que mes anciens partenaires sont bien d\u00e9cid\u00e9s \u00e0 tout donner en cette fin de saison pour accrocher le podium et une place africaine.<br \/><strong>Vous \u00eates toujours en contact avec vos anciens partenaires ?<\/strong><br \/>Tout \u00e0 fait. Je suis en contact avec Hachoud, Derrardja, Nekkache et les autres. On discute via les r\u00e9seaux sociaux chaque jour. Le Mouloudia pour moi, c\u2019est comme une famille. Et je ne pourrais jamais oublier la f\u00eate organis\u00e9e \u00e0 mon honneur lorsque je devais quitter le club pour l\u2019Arabie Saoudite. Cela restera \u00e0 jamais grav\u00e9 dans ma m\u00e9moire.\u00a0 Je souhaite, Inch\u2019Allah, que l\u2019\u00e9quipe termine sur le podium. Et je profite de l\u2019occasion pour saluer les Chnaoua qui m\u2019ont toujours soutenu.\u00a0\u00a0\u00a0 \u00a0<\/p>\n<p><strong>Publi\u00e9 dans :<\/strong> <span>mca<\/span> <span>Mebarakou<\/span><\/p>\n<\/div>\n<p>Auteur:<br \/>\n<a href=\"http:\/\/www.lebuteur.com\/article\/detail?titre=mca-mebarakou-mes-ex-camarades-sont-decides-a-tout-donner-pour-terminer-sur-le-podium&#038;id=88315&#038;utm_source=feedburner&#038;utm_medium=feed&#038;utm_campaign=Feed%3A+GalerieFArtciles+%28Les+derniers+articles++-+lebuteur.com%29\">Cliquez ici pour lire l&rsquo;article depuis sa source.<\/a><\/p>\n","protected":false},"excerpt":{"rendered":"<p>Auteur : Tarek-Che samedi 27 avril 2019 16:05 Se trouvant actuellement en Alg\u00e9rie, on a profit\u00e9 de l\u2019occasion pour prendre attache avec Zidane Mebarakou qui \u00e9voque la situation de son ancien club et son parcours avec Al Wehda Saoudi.Vous \u00eates actuellement en Alg\u00e9rie. Comment expliquez-vous cette pr\u00e9sence ?Il y a actuellement une tr\u00eave de trois [&hellip;]<\/p>\n","protected":false},"author":1738,"featured_media":30620,"comment_status":"closed","ping_status":"closed","sticky":false,"template":"","format":"standard","meta":{"fifu_image_url":"","fifu_image_alt":"","footnotes":""},"categories":[53,75],"tags":[],"class_list":["post-30619","post","type-post","status-publish","format-standard","has-post-thumbnail","hentry","category-algerie","category-sport"],"_links":{"self":[{"href":"https:\/\/linitiative.ca\/International\/wp-json\/wp\/v2\/posts\/30619","targetHints":{"allow":["GET"]}}],"collection":[{"href":"https:\/\/linitiative.ca\/International\/wp-json\/wp\/v2\/posts"}],"about":[{"href":"https:\/\/linitiative.ca\/International\/wp-json\/wp\/v2\/types\/post"}],"author":[{"embeddable":true,"href":"https:\/\/linitiative.ca\/International\/wp-json\/wp\/v2\/users\/1738"}],"replies":[{"embeddable":true,"href":"https:\/\/linitiative.ca\/International\/wp-json\/wp\/v2\/comments?post=30619"}],"version-history":[{"count":0,"href":"https:\/\/linitiative.ca\/International\/wp-json\/wp\/v2\/posts\/30619\/revisions"}],"wp:featuredmedia":[{"embeddable":true,"href":"https:\/\/linitiative.ca\/International\/wp-json\/"}],"wp:attachment":[{"href":"https:\/\/linitiative.ca\/International\/wp-json\/wp\/v2\/media?parent=30619"}],"wp:term":[{"taxonomy":"category","embeddable":true,"href":"https:\/\/linitiative.ca\/International\/wp-json\/wp\/v2\/categories?post=30619"},{"taxonomy":"post_tag","embeddable":true,"href":"https:\/\/linitiative.ca\/International\/wp-json\/wp\/v2\/tags?post=30619"}],"curies":[{"name":"wp","href":"https:\/\/api.w.org\/{rel}","templated":true}]}}