{"id":30625,"date":"2019-04-26T19:00:00","date_gmt":"2019-04-26T23:00:00","guid":{"rendered":"https:\/\/linitiative.ca\/International\/bechar-non-a-la-dilapidation-des-richesses\/"},"modified":"2019-04-26T19:00:00","modified_gmt":"2019-04-26T23:00:00","slug":"bechar-non-a-la-dilapidation-des-richesses","status":"publish","type":"post","link":"https:\/\/linitiative.ca\/International\/bechar-non-a-la-dilapidation-des-richesses\/","title":{"rendered":"B\u00e9char  : Non \u00e0 la dilapidation des richesses !"},"content":{"rendered":"<p>Fid\u00e8les \u00e0 leur rendez-vous hebdomadaire, les habitants de la capitale de la Saoura, notamment les plus jeunes, toutes couches confondues, entre fonctionnaires, universitaires et sans emploi, ont encore arpent\u00e9 les principales avenues de la ville pour r\u00e9it\u00e9rer leurs revendications, mais \u00e9galement pour exprimer une certaine satisfaction que l\u2019on pouvait lire sur les slogans et inh\u00e9rents aux derni\u00e8res interpellations de certaines personnalit\u00e9s et hommes d\u2019affaires, soup\u00e7onn\u00e9es d\u2019avoir b\u00e9n\u00e9fici\u00e9 de faveurs financi\u00e8res ill\u00e9gales. Il faut dire que les \u00e9v\u00e9nements de la semaine \u00e9coul\u00e9e n\u2019ont pas laiss\u00e9 indiff\u00e9rents les citoyens de B\u00e9char, dont les \u00e9changes d\u2019avis auront \u00e9t\u00e9 polaris\u00e9s par les derniers \u00e9v\u00e9nements. A l\u2019occasion des manifestations de ce 10e vendredi et hormis les revendications d\u00e9cri\u00e9es depuis le d\u00e9but du mouvement populaire, en l\u2019occurrence le refus d\u2019un cinqui\u00e8me mandat, la d\u00e9mission d\u2019un certain nombre d\u2019hommes politiques, la position de l\u2019Arm\u00e9e vis-\u00e0-vis du mouvement, c\u2019est bien plus la justice qui \u00e9tait soutenue, \u00e0 travers les diff\u00e9rents slogans, pour le jugement de toute affaire ayant port\u00e9 atteinte \u00e0 la Nation et notamment \u00e0 son \u00e9conomie. Une mani\u00e8re de d\u00e9montrer la confiance que place le peuple envers cette institution, tout en exprimant encore une fois celle qu\u2019elle place envers son Arm\u00e9e, appel\u00e9e \u00e0 poursuivre la s\u00e9curit\u00e9 et la qui\u00e9tude du pays.<br \/>\u00a0\u00a0\u00a0 Ramdane Bezza<\/p>\n<p>Auteur: elmoudjahid<br \/>\n<a href=\"http:\/\/www.elmoudjahid.com\/fr\/actualites\/136272\">Cliquez ici pour lire l&rsquo;article depuis sa source.<\/a><\/p>\n","protected":false},"excerpt":{"rendered":"<p>Fid\u00e8les \u00e0 leur rendez-vous hebdomadaire, les habitants de la capitale de la Saoura, notamment les plus jeunes, toutes couches confondues, entre fonctionnaires, universitaires et sans emploi, ont encore arpent\u00e9 les principales avenues de la ville pour r\u00e9it\u00e9rer leurs revendications, mais \u00e9galement pour exprimer une certaine satisfaction que l\u2019on pouvait lire sur les slogans et inh\u00e9rents [&hellip;]<\/p>\n","protected":false},"author":1744,"featured_media":0,"comment_status":"closed","ping_status":"closed","sticky":false,"template":"","format":"standard","meta":{"fifu_image_url":"","fifu_image_alt":"","footnotes":""},"categories":[73,53],"tags":[],"class_list":["post-30625","post","type-post","status-publish","format-standard","hentry","category-actualite","category-algerie"],"_links":{"self":[{"href":"https:\/\/linitiative.ca\/International\/wp-json\/wp\/v2\/posts\/30625","targetHints":{"allow":["GET"]}}],"collection":[{"href":"https:\/\/linitiative.ca\/International\/wp-json\/wp\/v2\/posts"}],"about":[{"href":"https:\/\/linitiative.ca\/International\/wp-json\/wp\/v2\/types\/post"}],"author":[{"embeddable":true,"href":"https:\/\/linitiative.ca\/International\/wp-json\/wp\/v2\/users\/1744"}],"replies":[{"embeddable":true,"href":"https:\/\/linitiative.ca\/International\/wp-json\/wp\/v2\/comments?post=30625"}],"version-history":[{"count":0,"href":"https:\/\/linitiative.ca\/International\/wp-json\/wp\/v2\/posts\/30625\/revisions"}],"wp:attachment":[{"href":"https:\/\/linitiative.ca\/International\/wp-json\/wp\/v2\/media?parent=30625"}],"wp:term":[{"taxonomy":"category","embeddable":true,"href":"https:\/\/linitiative.ca\/International\/wp-json\/wp\/v2\/categories?post=30625"},{"taxonomy":"post_tag","embeddable":true,"href":"https:\/\/linitiative.ca\/International\/wp-json\/wp\/v2\/tags?post=30625"}],"curies":[{"name":"wp","href":"https:\/\/api.w.org\/{rel}","templated":true}]}}