{"id":30626,"date":"2019-04-26T19:00:00","date_gmt":"2019-04-26T23:00:00","guid":{"rendered":"https:\/\/linitiative.ca\/International\/mascara-laisser-la-place-aux-jeunes-generations\/"},"modified":"2019-04-26T19:00:00","modified_gmt":"2019-04-26T23:00:00","slug":"mascara-laisser-la-place-aux-jeunes-generations","status":"publish","type":"post","link":"https:\/\/linitiative.ca\/International\/mascara-laisser-la-place-aux-jeunes-generations\/","title":{"rendered":"Mascara  :  Laisser la place aux jeunes g\u00e9n\u00e9rations"},"content":{"rendered":"<p>Les citoyens de la wilaya de Mascara ont organis\u00e9, de nouveau, hier, pour le dixi\u00e8me vendredi cons\u00e9cutif, une marche pour revendiquer le changement radical du syst\u00e8me et de la concr\u00e9tisation de la volont\u00e9 du peuple qui est ma\u00eetre d\u00e9sormais de son destin, cette marche a connu un franc succ\u00e8s. Ils \u00e9taient, en effet, plus nombreux que vendredi pass\u00e9 \u00e0 battre le pav\u00e9 en scandant des slogans hostiles aux anciens figures du gouvernement. L\u2019appel \u00e0 manifester, qui se renouvelle chaque fin de semaine apr\u00e8s la pri\u00e8re du vendredi et organis\u00e9 par des militants actifs du mouvement associatif, constitu\u00e9 en grande partie de jeunes, venus des quatre coins de la cit\u00e9 de l\u2019\u00e9mir, ont manifest\u00e9 pour dire non au statu quo et exigent des solutions sp\u00e9cifiques pour sortir de l\u2019impasse.\u2008La forte mobilisation de la rue \u00e0 Mascara, \u00e0 l\u2019instar des autres r\u00e9gions du pays de r\u00e9volte citoyenne, s\u2019amplifie par une mont\u00e9e en puissance de la protestation. Les citoyens sont sortis pour s\u2019exprimer sur un sujet qui les concerne directement au vu des slogans port\u00e9s sur les affich\u00e9s des marcheurs. Ils saluent la d\u00e9cision de l\u2019appareil judiciaire de juger les auteurs de dilapidation des deniers publics et des biens du peuple, en toute c\u00e9l\u00e9rit\u00e9, ou toute forme de pression d\u2019o\u00f9 qu\u2019elle vienne, sans aucune distinction.<br \/>L\u2019action de protestation ne faiblit pas. Des centaines de citoyens brandissaient des pancartes et des affiches sur lesquelles \u00e9tait \u00e9crites que la volont\u00e9 du peuple doit \u00eatre respect\u00e9e, \u00abNon \u00e0 l\u2019impunit\u00e9\u00bb et \u00abNon au r\u00e8glement de comptes\u00bb. Des centaines de personnes ont d\u00e9ferl\u00e9 dans les rues de Mascara vendredi, pour protester contre la r\u00e9cup\u00e9ration de la marche par des opportunistes et rythm\u00e9 par des slogans en faveur de la d\u00e9mocratie et hostiles au pouvoir. \u00abL&rsquo;arm\u00e9e, le peuple, fr\u00e8res-fr\u00e8res\u00bb, \u00abVoleurs, vous avez appauvri le pays\u00bb, scandent les manifestants de la capitale de l\u2019\u00e9mir d\u00e9filant dans l&rsquo;une des art\u00e8res principales de la ville pour d\u00e9boucher, comme \u00e0 l\u2019accoutum\u00e9e, vers la place Emir Abdelkader. La contestation \u00e9tait partout. Des jeunes et moins jeunes, dans une atmosph\u00e8re bon enfant. Les mots d\u2019ordre de l\u2019appel \u00e0 la marche, un rendez-vous programm\u00e9 pour sortir massivement dans la rue, dans une marche pacifique d\u2019une exemplarit\u00e9 sans faille. Morosit\u00e9 du quotidien, m\u00e9pris des \u00e9lites, ch\u00f4mage de masse pour t\u00e9moigner du mal-\u00eatre de la jeunesse alg\u00e9rienne, est devenue l&rsquo;un des hymnes des manifestants contre un tel \u00e9tat de fait. Femmes, \u00e9tudiants, retrait\u00e9s et autres citoyens entonnent les m\u00eames refrains pour faire entendre leurs voix car, faut-il le rappeler, la d\u00e9termination des marcheurs est plus que vive aujourd\u2019hui, plus que jamais et ils l\u2019ont exprim\u00e9 encore une fois \u00e0 travers la cit\u00e9 de l\u2019\u00e9mir. Les manifestants refusent l\u2019offre de sortie de crise et la feuille de route propos\u00e9e par le pouvoir. Des familles apportent aussi leur soutien \u00e0 cette marche populaire en offrant de l\u2019eau, du caf\u00e9 et du couscous aux marcheurs. \u00abNotre revendication est que vous partiez tous, notre objectif est de construire un \u00c9tat d\u00e9mocratique et de droit\u00bb, souligne cette jeune \u00e9tudiante en droit comme pour s\u2019adresser au pouvoir en demandant le d\u00e9part du syst\u00e8me politique.<br \/>Une m\u00e8re accompagn\u00e9e de ses deux enfants nous dira en substance : \u00abNous sommes ici pour leur dire de d\u00e9gager. Il faut laisser la place aux jeunes g\u00e9n\u00e9rations. Beaucoup ont fait des \u00e9tudes sup\u00e9rieures, on ne leur a pas donn\u00e9 leur chance. Il faut un changement radical\u00bb, exige-t-elle.<br \/>Des propos qui t\u00e9moignent du degr\u00e9 de maturit\u00e9 des masses populaires pour un renouveau de l\u2019Alg\u00e9rie libre, prosp\u00e8re se tournant carr\u00e9ment vers un avenir meilleur dans un climat de consensus et de concertation dans un dialogue constructif.<br \/><strong>\u00a0\u00a0\u00a0 A. Ghomchi<\/strong><\/p>\n<p>Auteur: elmoudjahid<br \/>\n<a href=\"http:\/\/www.elmoudjahid.com\/fr\/actualites\/136273\">Cliquez ici pour lire l&rsquo;article depuis sa source.<\/a><\/p>\n","protected":false},"excerpt":{"rendered":"<p>Les citoyens de la wilaya de Mascara ont organis\u00e9, de nouveau, hier, pour le dixi\u00e8me vendredi cons\u00e9cutif, une marche pour revendiquer le changement radical du syst\u00e8me et de la concr\u00e9tisation de la volont\u00e9 du peuple qui est ma\u00eetre d\u00e9sormais de son destin, cette marche a connu un franc succ\u00e8s. Ils \u00e9taient, en effet, plus nombreux [&hellip;]<\/p>\n","protected":false},"author":1744,"featured_media":0,"comment_status":"closed","ping_status":"closed","sticky":false,"template":"","format":"standard","meta":{"fifu_image_url":"","fifu_image_alt":"","footnotes":""},"categories":[73,53],"tags":[],"class_list":["post-30626","post","type-post","status-publish","format-standard","hentry","category-actualite","category-algerie"],"_links":{"self":[{"href":"https:\/\/linitiative.ca\/International\/wp-json\/wp\/v2\/posts\/30626","targetHints":{"allow":["GET"]}}],"collection":[{"href":"https:\/\/linitiative.ca\/International\/wp-json\/wp\/v2\/posts"}],"about":[{"href":"https:\/\/linitiative.ca\/International\/wp-json\/wp\/v2\/types\/post"}],"author":[{"embeddable":true,"href":"https:\/\/linitiative.ca\/International\/wp-json\/wp\/v2\/users\/1744"}],"replies":[{"embeddable":true,"href":"https:\/\/linitiative.ca\/International\/wp-json\/wp\/v2\/comments?post=30626"}],"version-history":[{"count":0,"href":"https:\/\/linitiative.ca\/International\/wp-json\/wp\/v2\/posts\/30626\/revisions"}],"wp:attachment":[{"href":"https:\/\/linitiative.ca\/International\/wp-json\/wp\/v2\/media?parent=30626"}],"wp:term":[{"taxonomy":"category","embeddable":true,"href":"https:\/\/linitiative.ca\/International\/wp-json\/wp\/v2\/categories?post=30626"},{"taxonomy":"post_tag","embeddable":true,"href":"https:\/\/linitiative.ca\/International\/wp-json\/wp\/v2\/tags?post=30626"}],"curies":[{"name":"wp","href":"https:\/\/api.w.org\/{rel}","templated":true}]}}