{"id":30627,"date":"2019-04-26T19:00:00","date_gmt":"2019-04-26T23:00:00","guid":{"rendered":"https:\/\/linitiative.ca\/International\/bordj-bou-arreridj-construire-lavenir-ensemble\/"},"modified":"2019-04-26T19:00:00","modified_gmt":"2019-04-26T23:00:00","slug":"bordj-bou-arreridj-construire-lavenir-ensemble","status":"publish","type":"post","link":"https:\/\/linitiative.ca\/International\/bordj-bou-arreridj-construire-lavenir-ensemble\/","title":{"rendered":"Bordj Bou-Arr\u00e9ridj  : Construire l\u2019avenir ensemble"},"content":{"rendered":"<p><strong>La wilaya de Bordj Bou-Arr\u00e9ridj a fait encore une fois l\u2019exception. La wilaya, qui s\u2019est impos\u00e9e d\u00e9j\u00e0 en organisant des marches r\u00e9clamant \u00e0 l\u2019ancien Pr\u00e9sident de la R\u00e9publique, son renoncement \u00e0 un 5e mandat, s\u2019est illustr\u00e9e en organisant l\u2019une des manifestations les plus importantes du pays, avec un nombre important de marcheurs.<\/strong><\/p>\n<p>Chaque vendredi des milliers de personnes sillonnent les principales art\u00e8res du chef-lieu pour exiger un changement radical du syst\u00e8me politique. Le tout dans une organisation et un calme remarquable.<br \/>Mais le g\u00e9nie des Bordjiens ne s\u2019est pas arr\u00eat\u00e9 l\u00e0. Ils ont redoubl\u00e9 de moyens d\u2019expressions qui font d\u00e9sormais les unes des journaux et les JT des t\u00e9l\u00e9visions, en plus des pages dans les r\u00e9seaux sociaux.<br \/>Ils ont d\u2019abord cr\u00e9\u00e9 un espace de rencontre qu\u2019ils ont appel\u00e9 fi\u00e8rement le \u2018\u2018palais du peuple\u2019\u2019 qui a fait le tour du monde avec ses balcons remplis de monde.<br \/>Les \u00abtifos\u00bb qui sont brandis chaque semaine font \u00e9galement l\u2019actualit\u00e9 non seulement pour leurs th\u00e8mes mais aussi pour leur conception originale et accrocheuse.<br \/>Cette semaine c\u2019est la conscience qui a \u00e9t\u00e9 \u00e0 l\u2019honneur. Comme quoi le peuple en a \u00e0 revendre. Les citoyens savent ce qu\u2019ils veulent et surtout o\u00f9 ils vont. Ce qui ne peut \u00eatre que b\u00e9n\u00e9fique pour le pays qui entame un tournant d\u00e9cisif de son histoire.<br \/>Autant de volont\u00e9 et d\u2019ing\u00e9niosit\u00e9 qui n\u2019ont pas \u00e9chapp\u00e9 aux habitants des autres wilayas.<br \/>Beaucoup d\u2019entre eux ont tenu \u00e0 \u00eatre de la f\u00eate, celle de la d\u00e9mocratie et l\u2019expression populaire.<br \/>Ils sont venus hier de Mila, S\u00e9tif, Constantine, Bouira et m\u00eame Biskra pour participer aux marches. Ils ont sillonn\u00e9 avec les habitants de Bordj Bou-Arr\u00e9ridj les principales art\u00e8res de cette derni\u00e8re pour clamer leur d\u00e9sir de changement profond. Ils ont insist\u00e9 sur l\u2019unit\u00e9 nationale. Ils ont rappel\u00e9 leur attachement \u00e0 l\u2019arm\u00e9e nationale populaire. Ils ont surtout appel\u00e9 \u00e0 une justice ind\u00e9pendante.<br \/>Les manifestants des autres wilayas ont \u00e9t\u00e9 trait\u00e9s, rappelons-le, comme des invit\u00e9s de marque par les habitants des quartiers environnants.<br \/>Au \u00abpied du palais du peuple\u00bb, des tentes ont \u00e9t\u00e9 dress\u00e9es o\u00f9 les marcheurs de passage se sont sentis chez eux.<br \/>Cet accueil qui rappelle les traditions d\u2019hospitalit\u00e9 dont la wilaya se distingue ne manque pas de connotation politique.<br \/>Les Alg\u00e9riens sont chez eux l\u00e0 ou ils vont.<br \/>L\u2019histoire les lie, l\u2019avenir aussi. D\u2019ailleurs ils sont en train de le construire ensemble.<br \/>F. D.<\/p>\n<p>Auteur: elmoudjahid<br \/>\n<a href=\"http:\/\/www.elmoudjahid.com\/fr\/actualites\/136274\">Cliquez ici pour lire l&rsquo;article depuis sa source.<\/a><\/p>\n","protected":false},"excerpt":{"rendered":"<p>La wilaya de Bordj Bou-Arr\u00e9ridj a fait encore une fois l\u2019exception. La wilaya, qui s\u2019est impos\u00e9e d\u00e9j\u00e0 en organisant des marches r\u00e9clamant \u00e0 l\u2019ancien Pr\u00e9sident de la R\u00e9publique, son renoncement \u00e0 un 5e mandat, s\u2019est illustr\u00e9e en organisant l\u2019une des manifestations les plus importantes du pays, avec un nombre important de marcheurs. Chaque vendredi des [&hellip;]<\/p>\n","protected":false},"author":1744,"featured_media":0,"comment_status":"closed","ping_status":"closed","sticky":false,"template":"","format":"standard","meta":{"fifu_image_url":"","fifu_image_alt":"","footnotes":""},"categories":[73,53],"tags":[],"class_list":["post-30627","post","type-post","status-publish","format-standard","hentry","category-actualite","category-algerie"],"_links":{"self":[{"href":"https:\/\/linitiative.ca\/International\/wp-json\/wp\/v2\/posts\/30627","targetHints":{"allow":["GET"]}}],"collection":[{"href":"https:\/\/linitiative.ca\/International\/wp-json\/wp\/v2\/posts"}],"about":[{"href":"https:\/\/linitiative.ca\/International\/wp-json\/wp\/v2\/types\/post"}],"author":[{"embeddable":true,"href":"https:\/\/linitiative.ca\/International\/wp-json\/wp\/v2\/users\/1744"}],"replies":[{"embeddable":true,"href":"https:\/\/linitiative.ca\/International\/wp-json\/wp\/v2\/comments?post=30627"}],"version-history":[{"count":0,"href":"https:\/\/linitiative.ca\/International\/wp-json\/wp\/v2\/posts\/30627\/revisions"}],"wp:attachment":[{"href":"https:\/\/linitiative.ca\/International\/wp-json\/wp\/v2\/media?parent=30627"}],"wp:term":[{"taxonomy":"category","embeddable":true,"href":"https:\/\/linitiative.ca\/International\/wp-json\/wp\/v2\/categories?post=30627"},{"taxonomy":"post_tag","embeddable":true,"href":"https:\/\/linitiative.ca\/International\/wp-json\/wp\/v2\/tags?post=30627"}],"curies":[{"name":"wp","href":"https:\/\/api.w.org\/{rel}","templated":true}]}}