{"id":30628,"date":"2019-04-26T19:00:00","date_gmt":"2019-04-26T23:00:00","guid":{"rendered":"https:\/\/linitiative.ca\/International\/tizi-ouzou-ci-fini-haraga-hadi-bladna\/"},"modified":"2019-04-26T19:00:00","modified_gmt":"2019-04-26T23:00:00","slug":"tizi-ouzou-ci-fini-haraga-hadi-bladna","status":"publish","type":"post","link":"https:\/\/linitiative.ca\/International\/tizi-ouzou-ci-fini-haraga-hadi-bladna\/","title":{"rendered":"Tizi Ouzou  :  \u00ab ci fini haraga, hadi bladna \u00bb"},"content":{"rendered":"<p>Une mar\u00e9e humaine a d\u00e9fil\u00e9 hier, Acte X de la dynamique populaire pour le changement radical du syst\u00e8me politique dans la ville des Gen\u00eats, pour rappeler encore une fois la totale d\u00e9termination du peuple \u00e0 faire d\u00e9guerpir tous les tenants du r\u00e9gime et \u00e0 instaurer un v\u00e9ritable Etat de droit et des libert\u00e9s en Alg\u00e9rie.<br \/>La marche de ce dixi\u00e8me vendredi de la dynamique populaire enclench\u00e9e le 22 f\u00e9vrier dernier qui s\u2019est \u00e9branl\u00e9e comme de coutume depuis le campus universitaire Hasnaoua, a \u00e9t\u00e9 marqu\u00e9e par la participation de toutes les couches de la soci\u00e9t\u00e9, hommes, femmes, jeunes et moins jeunes, toutes d\u00e9termin\u00e9es \u00e0 faire aboutir les principales revendications de ce mouvement populaire, se r\u00e9sumant en d\u00e9part des tenants du syst\u00e8me politique en place, l\u2019instauration d\u2019un v\u00e9ritable Etat de droit, des libert\u00e9s, de justice et d\u2019\u00e9galit\u00e9 entre tous les Alg\u00e9riens.<br \/>Tous les slogans scand\u00e9s par les manifestants tout au long de cette marche portent sur l\u2019in\u00e9branlable volont\u00e9 des citoyens et citoyennes \u00e0 en finir avec cet ancien syst\u00e8me politique et ses principaux tenants. \u00abPour une Alg\u00e9rie meilleure et d\u00e9mocratie majeure\u00bb, \u00abSyst\u00e8me d\u00e9gage\u00bb, \u00abPour le d\u00e9part des 4 B\u00bb, \u00abKlitou lebled ya saraqine\u00bb, \u00abY\u2019en marre de ce pouvoir\u00bb, \u00abUlac l\u2019vote Ulac\u00bb, \u00abPas de vote, de conf\u00e9rence et de dialogue, sans le d\u00e9part de l\u2019Aissaba\u00bb, \u00abPacifique, nouvelle R\u00e9publique\u00bb, \u00abYetnahaw ga3\u00bb, \u00abDjazair horra, democratia\u00bb, tels \u00e9taient quelques-uns des mots d\u2019ordre scand\u00e9s et transcrits sur les pancartes et banderoles. \u00abCi fini harraga, Hadi bladna\u00bb, c\u2019\u00e9tait l\u00e0 aussi le slogan phare placard\u00e9 devant d\u2019un v\u00e9hicule par\u00e9 de branches de Gen\u00eat qui circulait au milieu des marcheurs. Des \u00abOne, two, three, viva l\u2019Alg\u00e9rie\u00bb ont \u00e9t\u00e9 \u00e9galement entendus \u00e0 plusieurs reprises tout au long de cette manifestation. Apr\u00e8s avoir sillonn\u00e9 les principales art\u00e8res, les marcheurs se sont dispers\u00e9s dans le calme \u00e0 hauteur du M\u00e9morial des martyrs \u00e0 la placette de l\u2019Olivier.<br \/><strong>\u00a0\u00a0 \u00a0Bel. Adrar<\/strong><br \/>\u00a0<\/p>\n<p>Auteur: elmoudjahid<br \/>\n<a href=\"http:\/\/www.elmoudjahid.com\/fr\/actualites\/136275\">Cliquez ici pour lire l&rsquo;article depuis sa source.<\/a><\/p>\n","protected":false},"excerpt":{"rendered":"<p>Une mar\u00e9e humaine a d\u00e9fil\u00e9 hier, Acte X de la dynamique populaire pour le changement radical du syst\u00e8me politique dans la ville des Gen\u00eats, pour rappeler encore une fois la totale d\u00e9termination du peuple \u00e0 faire d\u00e9guerpir tous les tenants du r\u00e9gime et \u00e0 instaurer un v\u00e9ritable Etat de droit et des libert\u00e9s en Alg\u00e9rie.La [&hellip;]<\/p>\n","protected":false},"author":1744,"featured_media":0,"comment_status":"closed","ping_status":"closed","sticky":false,"template":"","format":"standard","meta":{"fifu_image_url":"","fifu_image_alt":"","footnotes":""},"categories":[73,53],"tags":[],"class_list":["post-30628","post","type-post","status-publish","format-standard","hentry","category-actualite","category-algerie"],"_links":{"self":[{"href":"https:\/\/linitiative.ca\/International\/wp-json\/wp\/v2\/posts\/30628","targetHints":{"allow":["GET"]}}],"collection":[{"href":"https:\/\/linitiative.ca\/International\/wp-json\/wp\/v2\/posts"}],"about":[{"href":"https:\/\/linitiative.ca\/International\/wp-json\/wp\/v2\/types\/post"}],"author":[{"embeddable":true,"href":"https:\/\/linitiative.ca\/International\/wp-json\/wp\/v2\/users\/1744"}],"replies":[{"embeddable":true,"href":"https:\/\/linitiative.ca\/International\/wp-json\/wp\/v2\/comments?post=30628"}],"version-history":[{"count":0,"href":"https:\/\/linitiative.ca\/International\/wp-json\/wp\/v2\/posts\/30628\/revisions"}],"wp:attachment":[{"href":"https:\/\/linitiative.ca\/International\/wp-json\/wp\/v2\/media?parent=30628"}],"wp:term":[{"taxonomy":"category","embeddable":true,"href":"https:\/\/linitiative.ca\/International\/wp-json\/wp\/v2\/categories?post=30628"},{"taxonomy":"post_tag","embeddable":true,"href":"https:\/\/linitiative.ca\/International\/wp-json\/wp\/v2\/tags?post=30628"}],"curies":[{"name":"wp","href":"https:\/\/api.w.org\/{rel}","templated":true}]}}