{"id":30629,"date":"2019-04-26T19:00:00","date_gmt":"2019-04-26T23:00:00","guid":{"rendered":"https:\/\/linitiative.ca\/International\/bejaia-union-et-solidarite\/"},"modified":"2019-04-26T19:00:00","modified_gmt":"2019-04-26T23:00:00","slug":"bejaia-union-et-solidarite","status":"publish","type":"post","link":"https:\/\/linitiative.ca\/International\/bejaia-union-et-solidarite\/","title":{"rendered":"B\u00e9jaia : Union et solidarit\u00e9"},"content":{"rendered":"<p>La dixi\u00e8me marche populaire pacifique du vendredi, \u00abde l\u2019union et de la solidarit\u00e9\u00bb comme d\u00e9fini par les manifestants, enregistre une mobilisation sans faille, au fil des semaines jusqu\u2019\u00e0 l\u2019aboutissement des revendications scand\u00e9es \u00e0 haute voix et port\u00e9es sur les banderoles et pancartes, \u00e0 savoir \u00abChangement radical du syst\u00e8me dans la gestion du pays\u00bb, \u00abMassira Silmia wal irada kawiya\u00bb (Marche pacifique et une volont\u00e9 forte). Durant tout l\u2019itin\u00e9raire, la foule compacte compos\u00e9e de toutes les couches sociales, hommes, femmes, vieux, jeunes aspirent \u00e0 un avenir radieux et prosp\u00e8re. Brandissant les drapeaux, ils ont fortement soulign\u00e9 les actions engag\u00e9es par la justice contre ceux qui ont dilapid\u00e9 les biens publics et se sont enrichis durant les vingt derni\u00e8res ann\u00e9es prot\u00e9g\u00e9s par un syst\u00e8me que le peuple rejette totalement aujourd\u2019hui. \u00abAvec notre mobilisation continue et pacifique, nous allons faire partir ce syst\u00e8me qui a terni l\u2019image du pays\u00bb, disent-ils.<br \/>Autres revendications : \u00abMettre en place des gens int\u00e8gres et propres n\u2019ayant aucun pass\u00e9 douteux, faire partir le syst\u00e8me en place pour assurer un meilleur avenir \u00e0 la jeunesse qui est appel\u00e9e \u00e0 prendre le flambeau.\u00bb Cette marche qui s\u2019est \u00e9branl\u00e9e de l\u2019esplanade de la maison de la culture \u00e0 travers\u00e9 la route d\u2019Amriou pour s\u2019immobiliser longuement devant le grand portail du si\u00e8ge de la wilaya o\u00f9 les marcheurs ont cri\u00e9 \u00abSyst\u00e8me d\u00e9gage, y\u2019en a marre de ce syst\u00e8me\u00bb, \u00abTatenahaw ga3 (Vous serez tous enlev\u00e9s).<br \/>M. Laouer<br \/>\u00a0<\/p>\n<p>Auteur: elmoudjahid<br \/>\n<a href=\"http:\/\/www.elmoudjahid.com\/fr\/actualites\/136276\">Cliquez ici pour lire l&rsquo;article depuis sa source.<\/a><\/p>\n","protected":false},"excerpt":{"rendered":"<p>La dixi\u00e8me marche populaire pacifique du vendredi, \u00abde l\u2019union et de la solidarit\u00e9\u00bb comme d\u00e9fini par les manifestants, enregistre une mobilisation sans faille, au fil des semaines jusqu\u2019\u00e0 l\u2019aboutissement des revendications scand\u00e9es \u00e0 haute voix et port\u00e9es sur les banderoles et pancartes, \u00e0 savoir \u00abChangement radical du syst\u00e8me dans la gestion du pays\u00bb, \u00abMassira Silmia [&hellip;]<\/p>\n","protected":false},"author":1744,"featured_media":0,"comment_status":"closed","ping_status":"closed","sticky":false,"template":"","format":"standard","meta":{"fifu_image_url":"","fifu_image_alt":"","footnotes":""},"categories":[73,53],"tags":[],"class_list":["post-30629","post","type-post","status-publish","format-standard","hentry","category-actualite","category-algerie"],"_links":{"self":[{"href":"https:\/\/linitiative.ca\/International\/wp-json\/wp\/v2\/posts\/30629","targetHints":{"allow":["GET"]}}],"collection":[{"href":"https:\/\/linitiative.ca\/International\/wp-json\/wp\/v2\/posts"}],"about":[{"href":"https:\/\/linitiative.ca\/International\/wp-json\/wp\/v2\/types\/post"}],"author":[{"embeddable":true,"href":"https:\/\/linitiative.ca\/International\/wp-json\/wp\/v2\/users\/1744"}],"replies":[{"embeddable":true,"href":"https:\/\/linitiative.ca\/International\/wp-json\/wp\/v2\/comments?post=30629"}],"version-history":[{"count":0,"href":"https:\/\/linitiative.ca\/International\/wp-json\/wp\/v2\/posts\/30629\/revisions"}],"wp:attachment":[{"href":"https:\/\/linitiative.ca\/International\/wp-json\/wp\/v2\/media?parent=30629"}],"wp:term":[{"taxonomy":"category","embeddable":true,"href":"https:\/\/linitiative.ca\/International\/wp-json\/wp\/v2\/categories?post=30629"},{"taxonomy":"post_tag","embeddable":true,"href":"https:\/\/linitiative.ca\/International\/wp-json\/wp\/v2\/tags?post=30629"}],"curies":[{"name":"wp","href":"https:\/\/api.w.org\/{rel}","templated":true}]}}