{"id":30630,"date":"2019-04-26T19:00:00","date_gmt":"2019-04-26T23:00:00","guid":{"rendered":"https:\/\/linitiative.ca\/International\/setif-mise-en-oeuvre-de-reformes-profondes\/"},"modified":"2019-04-26T19:00:00","modified_gmt":"2019-04-26T23:00:00","slug":"setif-mise-en-oeuvre-de-reformes-profondes","status":"publish","type":"post","link":"https:\/\/linitiative.ca\/International\/setif-mise-en-oeuvre-de-reformes-profondes\/","title":{"rendered":"S\u00e9tif : mise en \u0153uvre de r\u00e9formes profondes"},"content":{"rendered":"<p>Pour ne pas faillir \u00e0 ce qui rel\u00e8ve d\u00e9sormais d\u2019une tradition, ce 10e vendredi a \u00e9t\u00e9 marqu\u00e9 une fois encore par la sortie de nombreux citoyens, jeunes en majorit\u00e9, des moins jeunes aussi accompagn\u00e9s de leurs enfants, qui se sont rassembl\u00e9s sur l\u2019espace situ\u00e9 au boulevard de l\u2019ALN, entre le parc Mall et le si\u00e8ge de la wilaya pour revendiquer le changement radical du syst\u00e8me.<br \/>Un rassemblement marqu\u00e9 aussi, comme depuis le d\u00e9but, par un caract\u00e8re pacifique que tous ces jeunes n\u2019ont pas manqu\u00e9 de pr\u00e9server dans le climat de f\u00eate et de s\u00e9r\u00e9nit\u00e9 qui continue de pr\u00e9valoir, empreint d\u2019un attachement profond \u00e0 la patrie et partant aux valeurs et aux constantes de la glorieuse R\u00e9volution de Novembre : \u00abNous ne sommes ni des casseurs ni des assoiff\u00e9s du pouvoir, nous savons aussi que n\u2019avons pas d\u2019autre pays de rechange que l\u2019Alg\u00e9rie \u00e0 laquelle nous sommes d\u00e9sormais plus que jamais attach\u00e9s. C\u2019est pour cela qu\u2019\u00e0 travers des symboles forts que nous crions \u00e0 la face du monde, nous voulons pr\u00e9server notre pays, faire preuve d\u2019unit\u00e9 et revendiquer pacifiquement, en tant que force vive de la nation, le changement radical et la mise en \u0153uvre de profondes r\u00e9formes\u00bb, souligne Omar, embl\u00e8me national \u00e0 la main.<br \/>Alors qu\u2019un service d\u2019ordre est impeccablement assur\u00e9 par les services de police, motos et v\u00e9hicules orn\u00e9s de couleurs nationales, klaxons \u00e0 fond contournent la foule et sillonnent les proches quartiers dans un mouvement de boucle, alors que la placette de la poste est devenue le lieu privil\u00e9gi\u00e9 pour tous ces vendeurs de sandwiches, pizzas, boissons gazeuses accompagn\u00e9s par d\u2019autres jeunes qui \u00e9coulent sur des \u00e9tals rapidement install\u00e9s, l\u2019embl\u00e8me national, celui de la Palestine, chapeaux et casquettes vert, blanc, rouge ainsi que d\u2019autres gadgets qui font la joie des enfants.<br \/>Comme ce slogan \u00abDjeich-Chaab, Khaoua-Khaoua\u00bb que la foule scande pour rendre hommage \u00e0 l\u2019institution militaire et dire ce lien fort qui unit le peuple \u00e0 son arm\u00e9e, les appels pour \u00abune Alg\u00e9rie libre et d\u00e9mocratique\u00bb ne sont pas sans occuper une place de choix dans ces revendications : \u00abC\u2019est le d\u00e9but d\u2019une \u00e8re nouvelle\u00bb, ajoute Abdelhakim, un jeune universitaire qui lance : \u00abL\u2019avenir appartient \u00e0 la jeunesse.\u00bb<br \/><strong>\u00a0\u00a0 \u00a0F. Zoghbi<\/strong><\/p>\n<p>Auteur: elmoudjahid<br \/>\n<a href=\"http:\/\/www.elmoudjahid.com\/fr\/actualites\/136277\">Cliquez ici pour lire l&rsquo;article depuis sa source.<\/a><\/p>\n","protected":false},"excerpt":{"rendered":"<p>Pour ne pas faillir \u00e0 ce qui rel\u00e8ve d\u00e9sormais d\u2019une tradition, ce 10e vendredi a \u00e9t\u00e9 marqu\u00e9 une fois encore par la sortie de nombreux citoyens, jeunes en majorit\u00e9, des moins jeunes aussi accompagn\u00e9s de leurs enfants, qui se sont rassembl\u00e9s sur l\u2019espace situ\u00e9 au boulevard de l\u2019ALN, entre le parc Mall et le si\u00e8ge [&hellip;]<\/p>\n","protected":false},"author":1744,"featured_media":0,"comment_status":"closed","ping_status":"closed","sticky":false,"template":"","format":"standard","meta":{"fifu_image_url":"","fifu_image_alt":"","footnotes":""},"categories":[73,53],"tags":[],"class_list":["post-30630","post","type-post","status-publish","format-standard","hentry","category-actualite","category-algerie"],"_links":{"self":[{"href":"https:\/\/linitiative.ca\/International\/wp-json\/wp\/v2\/posts\/30630","targetHints":{"allow":["GET"]}}],"collection":[{"href":"https:\/\/linitiative.ca\/International\/wp-json\/wp\/v2\/posts"}],"about":[{"href":"https:\/\/linitiative.ca\/International\/wp-json\/wp\/v2\/types\/post"}],"author":[{"embeddable":true,"href":"https:\/\/linitiative.ca\/International\/wp-json\/wp\/v2\/users\/1744"}],"replies":[{"embeddable":true,"href":"https:\/\/linitiative.ca\/International\/wp-json\/wp\/v2\/comments?post=30630"}],"version-history":[{"count":0,"href":"https:\/\/linitiative.ca\/International\/wp-json\/wp\/v2\/posts\/30630\/revisions"}],"wp:attachment":[{"href":"https:\/\/linitiative.ca\/International\/wp-json\/wp\/v2\/media?parent=30630"}],"wp:term":[{"taxonomy":"category","embeddable":true,"href":"https:\/\/linitiative.ca\/International\/wp-json\/wp\/v2\/categories?post=30630"},{"taxonomy":"post_tag","embeddable":true,"href":"https:\/\/linitiative.ca\/International\/wp-json\/wp\/v2\/tags?post=30630"}],"curies":[{"name":"wp","href":"https:\/\/api.w.org\/{rel}","templated":true}]}}