{"id":30633,"date":"2019-04-26T19:00:00","date_gmt":"2019-04-26T23:00:00","guid":{"rendered":"https:\/\/linitiative.ca\/International\/marches-populaires-unite-et-democratie\/"},"modified":"2019-04-26T19:00:00","modified_gmt":"2019-04-26T23:00:00","slug":"marches-populaires-unite-et-democratie","status":"publish","type":"post","link":"https:\/\/linitiative.ca\/International\/marches-populaires-unite-et-democratie\/","title":{"rendered":"Marches populaires  : Unit\u00e9 et d\u00e9mocratie"},"content":{"rendered":"<p><strong>Dixi\u00e8me semaine de manifestations \u00e0 Alger et partout ailleurs sur le territoire national. Le rassemblement places Grande-Poste et Audin \u00e9tait au rendez-vous, avec la m\u00eame d\u00e9termination et la m\u00eame fougue chez les jeunes, surtout, plus que jamais fermes face \u00e0 l\u2019autisme du syst\u00e8me. Encore une fois, ils ont scand\u00e9 les m\u00eames slogans et hurl\u00e9 \u00e0 tue-t\u00eate les m\u00eames salves \u00abYatnahaw Ga\u00e2\u00bb ou encore \u00abSyst\u00e8me d\u00e9gage\u00bb. Beaucoup de citoyens des wilayas limitrophes ont rejoint la capitale, hier t\u00f4t dans la matin\u00e9e.<\/strong><\/p>\n<p>Cette nouvelle manifestation contestataire s\u2019est d\u00e9roul\u00e9e dans la bonne humeur et le sourire, en clamant haut et fort la rupture avec le syst\u00e8me. Les manifestations sont pacifiques et doivent le rester, r\u00e9p\u00e8tent de nombreux jeunes, en mettant en avant le fait qu\u2019ils sont \u00e9duqu\u00e9s et civilis\u00e9s, qu\u2019ils ne demandent que leurs droits. Tout comme les pr\u00e9c\u00e9dentes manifestations, les citoyens ont r\u00e9clam\u00e9 le d\u00e9part imm\u00e9diat de tous les responsables contest\u00e9s, en apportant des r\u00e9ponses aux revendications de la population.<br \/>Les premi\u00e8res images et vid\u00e9os de la manifestation ont \u00e9t\u00e9 diffus\u00e9es sur les r\u00e9seaux sociaux en direct, o\u00f9 quelques individus brandissaient des drapeaux. Personne n\u2019a tent\u00e9 de saboter la manifestation, et la police n\u2019a pas d\u00fb intervenir pour expulser des individus, dont la pr\u00e9sence au rassemblement pouvait poser probl\u00e8me. Cette 10e manifestation, qui s\u2019est d\u00e9roul\u00e9e dans le calme, a attir\u00e9 l\u2019intention et la curiosit\u00e9 de tous par son caract\u00e8re pacifique. Des citoyens ont afflu\u00e9 massivement pour participer \u00e0 l\u2019\u00e9v\u00e9nement, apr\u00e8s la pri\u00e8re du vendredi. De partout, de toutes les ruelles, les manifestants affluaient massivement, venant et avan\u00e7ant dans tous les sens. Les gyrophares des camions blind\u00e9s de la police non pas \u00e9t\u00e9 allum\u00e9s, mais leur pr\u00e9sence par endroits contraste avec les pancartes et les drapeaux agit\u00e9s par des foules humaines immenses, surtout \u00e0 la Grande-Poste, th\u00e9\u00e2tre du rassemblement du plus grand nombre de citoyens. Les drapeaux \u00e9taient brandis en signe de d\u00e9fi. Des journalistes et des photographes \u00e9taient sur place, pour saisir en notes ou en photos toutes les \u00e9motions de cette Alg\u00e9rie qui refuse encore une fois de subir les d\u00e9cisions impos\u00e9es et d\u00e9noncer le fait de d\u00e9tourner la volont\u00e9 populaire. Certains manifestants affirment que la pr\u00e9sence des journalistes est la bienvenue et peuvent t\u00e9moigner du caract\u00e8re pacifique du mouvement. Chaque vendredi, les journalistes sont dans la manifestation, pour capturer et retranscrire tout ce qui se passe, tout comme les \u00e9motions, la col\u00e8re, la tension, le m\u00e9contentement ou la d\u00e9termination des manifestants. Des femmes avec leurs enfants en bas \u00e2ge, et des gar\u00e7ons et filles accompagnent leurs parents. Les petits crient aussi comme les grands : \u00abSyst\u00e8me d\u00e9gage\u00bb et \u00abTrouhou Ga\u00e2\u00bb, enrubann\u00e9s du drapeau ou transformant les petits drapeaux en cagoule. Des jeunes, bouteilles d\u2019eau \u00e0 la main, passent par les petites ruelles pour contourner la foule compacte et rejoindre le c\u0153ur du rassemblement. Dans les protestations d\u2019Alger, ville devenue un symbole de r\u00e9sistance, les gens se retrouvent dans la s\u00e9r\u00e9nit\u00e9 sans aucun couac face aux forces de l\u2019ordre. Le dispositif s\u00e9curitaire d\u00e9ploy\u00e9 pour emp\u00eacher les d\u00e9bordements n\u2019a pas intervenu. Nous avons aper\u00e7u des policiers en tenue et en civil avec des gilets et avec talkies-walkies. Ils \u00e9taient des milliers, hommes et femmes, \u00e0 descendre dans la rue, pour r\u00e9clamer justice, laquelle est li\u00e9e au d\u00e9part de tous les dirigeants contest\u00e9s. Fait remarquable \u00e0 noter, un ton de tension contre les d\u00e9cisions et mesures prises jusqu\u2019\u00e0 pr\u00e9sent couvait la col\u00e8re des citoyens, qui s\u2019estiment \u00abincompris\u00bb.<\/p>\n<p><strong>Faible adh\u00e9sion aux d\u00e9cisions prises<\/strong><\/p>\n<p>Les regards trahissent la tension, un peu plus perceptible avec le temps qui passe. Selon Hamid B., cheminot, qui s\u2019exprime avec regret, \u00abdepuis plus de deux mois, les manifestations ne se sont pas arr\u00eat\u00e9es, non pas pour le plaisir, mais pour voir nos revendications l\u00e9gitimes satisfaites, malheureusement, ce n\u2019est toujours pas le cas !\u00bb Un ami \u00e0 lui ajoute que \u00abl\u2019\u00e9viction de Bensalah et de Bedoui est une possibilit\u00e9, mais le remplacement de nombreux responsables donne juste l\u2019illusion qu\u2019un changement politique cons\u00e9quent s\u2019est produit. Nous allons continuer \u00e0 manifester, jusqu\u2019\u00e0 ce que tous les responsables impliqu\u00e9s partent t\u00f4t ou tard !\u00bb D\u2019autres manifestants s\u2019\u00e9nervent contre la \u00abd\u00e9cision impopulaire\u00bb du maintien du chef de l\u2019\u00c9tat, Abdelkader Bensalah, et du Premier ministre, Noureddine Bedoui, en place. Pour ce qui est des habitants des autres villes, ils sont nombreux \u00e0 dire qu\u2019\u00e0 cause du quadrillage policier qui bloque les routes vers Alger, les manifestants sont refoul\u00e9s par centaines, mais d\u2019autres passent par d\u2019autres routes et parfois sont oblig\u00e9s de faire de grands d\u00e9tours pour rejoindre Alger. Il y en a, bien s\u00fbr, qui r\u00e9ussissent \u00e0 contourner les cordons de la police et de la gendarmerie, et se retrouvent sur des routes qui bordent la capitale.<br \/>Devant les immeubles, en bordure de l\u2019avenue Pasteur, la foule avan\u00e7ant vers le tunnel des Facult\u00e9s crie : \u00abLibert\u00e9, d\u00e9mocratie, \u00c9tat de droit !\u00bb Un groupe de jeunes brandissant le portrait du patron de Cevital, Issad Rebrab, crie, les bras tendus vers le ciel : \u00abLib\u00e9rez Rebrab !\u00bb et protestent contre la corruption des oligarques du r\u00e9gime. Les femmes ont manifest\u00e9 en nombre, aussi. Elles crient des slogans, en m\u00eame temps et au m\u00eame endroit que les hommes, en d\u00e9non\u00e7ant l\u2019ent\u00eatement du pouvoir. L\u2019impression g\u00e9n\u00e9rale est que le bras de fer entre citoyens, qui occupent la rue comme moyen de pression, et le pouvoir, n\u2019est pas pr\u00e8s de se terminer. Il n\u2019y a pas eu d\u2019arrestations. Pas d\u2019affrontements avec les forces de l\u2019ordre. Par ailleurs, il convient de rappeler que tous les jours de la semaine, les \u00e9tudiants, les syndicats et les associations occupent la rue. On a vu des vid\u00e9os mont\u00e9es par les \u00e9tudiants, circulant sur facebook, sur la situation du pays. D\u2019apr\u00e8s eux, c\u2019est l\u00e0 une preuve de leur maturit\u00e9 politique, et leurs manifestations chaque mardi sont organis\u00e9es pour donner un second souffle au mouvement. Du reste, les discussions entre manifestants portent essentiellement sur les arrestations en masse de plusieurs oligarques et g\u00e9n\u00e9raux, qui sont en prison, la lev\u00e9e de l\u2019immunit\u00e9 parlementaire d\u2019Ould-Abb\u00e8s et de Sa\u00efd Barkat, et la convocation par la justice de Loukal, ministre des Finances, et d\u2019Ouyahia, ancien Premier ministre.<br \/>Tout le monde se pose des questions de savoir si ce n\u2019est qu\u2019une chasse aux sorci\u00e8res ou un r\u00e8glement de comptes ? Ou encore une op\u00e9ration mains propres, pour calmer la protesta ? Chacun y va de sa propre analyse ou avis. Mais tout le monde s\u2019accorde \u00e0 dire que la lutte contre la corruption est la bienvenue, pourvu qu\u2019elle soit men\u00e9e par une justice ind\u00e9pendante, parce que l\u2019intervention de l\u2019arm\u00e9e laisse plusieurs sceptiques, surtout que ce n\u2019est pas dans le r\u00f4le du chef d\u2019\u00e9tat-major d\u2019intervenir dans des affaires politiques qui ne sont pas de ses comp\u00e9tences. M\u00eame si l\u2019arm\u00e9e a exprim\u00e9 son soutien au mouvement de protestation. Cela dit, beaucoup de gens au sein m\u00eame du mouvement de protestation sont enclins \u00e0 penser que l\u2019arm\u00e9e est d\u00e9vou\u00e9e \u00e0 la d\u00e9mocratie et apporte son soutien au mouvement citoyen afin d\u2019\u00e9carter les responsables rejet\u00e9s par la population. Tout compte fait, l\u2019ouverture du dialogue politique que veut organiser le pouvoir, dont l\u2019objectif est d\u2019apaiser les tensions sociopolitiques, de renforcer l\u2019\u00c9tat de droit, de relancer le d\u00e9veloppement \u00e9conomique et d\u2019enraciner une gouvernance saine et efficace, ne semble pas gagner la population. Gratifi\u00e9 du titre de seul souverain, le peuple veut organiser son propre dialogue. Cette manifestation se veut un message qui dit : \u00abTenez bon ! Nous pouvons encore les chasser tous, et l\u2019espoir d\u2019un apaisement ne peut na\u00eetre que de la chute de toutes les t\u00eates du r\u00e9gime.\u00bb Par ailleurs, les militants de nombreux partis politiques pr\u00e9sents \u00e0 la manifestation \u00e9taient prompts \u00e0 enflammer la protestation, en essayant de pousser les citoyens \u00e0 leur avantage. Ils oublient par contre de s\u2019en tenir \u00e0 une ligne claire, surtout que la politique de l\u2019autruche adopt\u00e9e par certains partis microscopiques n\u2019a plus de beaux jours devant elle.<br \/><strong>\u00a0\u00a0\u00a0 Farid Bouyahia<\/strong><\/p>\n<p>Auteur: elmoudjahid<br \/>\n<a href=\"http:\/\/www.elmoudjahid.com\/fr\/actualites\/136280\">Cliquez ici pour lire l&rsquo;article depuis sa source.<\/a><\/p>\n","protected":false},"excerpt":{"rendered":"<p>Dixi\u00e8me semaine de manifestations \u00e0 Alger et partout ailleurs sur le territoire national. Le rassemblement places Grande-Poste et Audin \u00e9tait au rendez-vous, avec la m\u00eame d\u00e9termination et la m\u00eame fougue chez les jeunes, surtout, plus que jamais fermes face \u00e0 l\u2019autisme du syst\u00e8me. Encore une fois, ils ont scand\u00e9 les m\u00eames slogans et hurl\u00e9 \u00e0 [&hellip;]<\/p>\n","protected":false},"author":1744,"featured_media":0,"comment_status":"closed","ping_status":"closed","sticky":false,"template":"","format":"standard","meta":{"fifu_image_url":"","fifu_image_alt":"","footnotes":""},"categories":[73,53],"tags":[],"class_list":["post-30633","post","type-post","status-publish","format-standard","hentry","category-actualite","category-algerie"],"_links":{"self":[{"href":"https:\/\/linitiative.ca\/International\/wp-json\/wp\/v2\/posts\/30633","targetHints":{"allow":["GET"]}}],"collection":[{"href":"https:\/\/linitiative.ca\/International\/wp-json\/wp\/v2\/posts"}],"about":[{"href":"https:\/\/linitiative.ca\/International\/wp-json\/wp\/v2\/types\/post"}],"author":[{"embeddable":true,"href":"https:\/\/linitiative.ca\/International\/wp-json\/wp\/v2\/users\/1744"}],"replies":[{"embeddable":true,"href":"https:\/\/linitiative.ca\/International\/wp-json\/wp\/v2\/comments?post=30633"}],"version-history":[{"count":0,"href":"https:\/\/linitiative.ca\/International\/wp-json\/wp\/v2\/posts\/30633\/revisions"}],"wp:attachment":[{"href":"https:\/\/linitiative.ca\/International\/wp-json\/wp\/v2\/media?parent=30633"}],"wp:term":[{"taxonomy":"category","embeddable":true,"href":"https:\/\/linitiative.ca\/International\/wp-json\/wp\/v2\/categories?post=30633"},{"taxonomy":"post_tag","embeddable":true,"href":"https:\/\/linitiative.ca\/International\/wp-json\/wp\/v2\/tags?post=30633"}],"curies":[{"name":"wp","href":"https:\/\/api.w.org\/{rel}","templated":true}]}}