{"id":30634,"date":"2019-04-26T19:00:00","date_gmt":"2019-04-26T23:00:00","guid":{"rendered":"https:\/\/linitiative.ca\/International\/soutien-a-loperation-mains-propres\/"},"modified":"2019-04-26T19:00:00","modified_gmt":"2019-04-26T23:00:00","slug":"soutien-a-loperation-mains-propres","status":"publish","type":"post","link":"https:\/\/linitiative.ca\/International\/soutien-a-loperation-mains-propres\/","title":{"rendered":"Soutien \u00e0 l\u2019op\u00e9ration \u00ab mains propres \u00bb"},"content":{"rendered":"<p>La dynamique des manifestations citoyennes des Alg\u00e9riennes et Alg\u00e9riens de diff\u00e9rentes franges de la soci\u00e9t\u00e9 pour l\u2019objectif\u00a0 d\u2019un changement radical du syst\u00e8me ne faiblit pas. Hier, et au 10e vendredi cons\u00e9cutif, les principales art\u00e8res de la capitale ont \u00e9t\u00e9 noires de monde. Des personnes de tous les \u00e2ges et des deux sexes, des familles enti\u00e8res ont ainsi investi une nouvelle fois la rue, pour exprimer pacifiquement et dans une atmosph\u00e8re de communion une commune revendication, celle du rejet absolu du syst\u00e8me. Les manifestants, drap\u00e9s, dans leur majorit\u00e9, de l\u2019embl\u00e8me national, ont r\u00e9it\u00e9r\u00e9 leur attachement \u00e0 aller vers une deuxi\u00e8me R\u00e9publique, o\u00f9 seul le choix souverain du peuple primera, et servira de r\u00e9f\u00e9rent \u00e0 son \u00e9difice institutionnel. En parlant de l\u2019embl\u00e8me national, des milliers de drapeaux ont \u00e9t\u00e9 port\u00e9s haut dans le ciel d\u2019Alger, ainsi que des pancartes de diff\u00e9rents formats, o\u00f9 l\u2019on pouvait lire autant d\u2019expressions traduisant l\u2019id\u00e9e d\u2019un\u00a0 peuple d\u00e9termin\u00e9 \u00e0 rester uni jusqu\u2019\u00e0 la cons\u00e9cration des ses revendications.<br \/>Celles-ci, quoique r\u00e9actualis\u00e9es semaine apr\u00e8s semaine, sont rest\u00e9es certes les m\u00eames s\u2019agissant du d\u00e9part de tous les symboles du\u00a0 syst\u00e8me. Mais, aussi, les manifestants ont eu leur mot \u00e0 dire au sujet des derniers rebondissements survenus, ces derniers jours, en rapport aussi bien avec les discours du g\u00e9n\u00e9ral de corps d\u2019Arm\u00e9e, Ahmed Ga\u00efd Salah, qu\u2019en mati\u00e8re de soubresauts qui se font jour dans le secteur de la Justice, dans le sillage de ce qui est convenu d\u2019appeler\u00a0\u00abop\u00e9ration mains propres\u00bb.<br \/>En effet, si les contestataires ont tenu \u00e0 rappeler de vive voix leur respect et leur attachement \u00e0 l\u2019institution militaire, constitu\u00e9e d\u2019enfants du peuple, ils ont aussi exprim\u00e9 \u00e0 la cri\u00e9e leur rejet \u00abde b\u00e2tir une R\u00e9publique o\u00f9 le militaire prendrait le dessus sur le civil\u00bb, pour paraphraser la jeune Sara Bensa\u00efd, une architecte d\u2019Alger, rencontr\u00e9e pas loin de la Grande-Poste. \u00abS\u2019opposer \u00e0 la volont\u00e9 du peuple est une trahison\u00bb, affirment par ailleurs d\u2019autres manifestants. Sur un autre volet, et tenant compte du fait que l\u2019actualit\u00e9 nationale est aussi faite d\u2019une lutte intensifi\u00e9e contre la corruption, certains manifestants ont r\u00e9clam\u00e9 la lib\u00e9ration de l\u2019investisseur Issad Rebrab.<br \/>D\u2019autres, en revanche, ont \u00e9mis les v\u0153ux de voir des symboles du r\u00e9gime, notamment le fr\u00e8re du pr\u00e9sident d\u00e9missionnaire, Sa\u00efd Bouteflika, cit\u00e9 nomm\u00e9ment, ainsi que toute la \u00abissaba\u00bb (ndlr, la bande), compara\u00eetre devant la justice dans les plus brefs d\u00e9lais. \u00abNous sommes unis, et vous \u00eates finis\u00bb, ont fait savoir les manifestants \u00e0 l\u2019adresses des figures embl\u00e9matiques du r\u00e9gime, dont ils r\u00e9clament le d\u00e9part imm\u00e9diat, y compris celui\u00a0 du\u00a0 chef de l\u2019\u00c9tat Abdelkader Bensalah.<br \/>\u00abPartez tous !\u00bb, clamait-on. \u00c0 l\u2019instar des vendredis pr\u00e9c\u00e9dents, les manifestations d\u2019hier \u00e0 Alger se sont d\u00e9roul\u00e9es dans le\u00a0 calme, et le principe de r\u00e9ussir une action pacifique, doubl\u00e9e d\u2019une maturit\u00e9 citoyenne exemplaire, a \u00e9t\u00e9 au rendez-vous. Les\u00a0\u00a0 forces de l\u2019ordre ont assur\u00e9 leur mission d\u2019encadrement, dans un esprit de professionnalisme irr\u00e9prochable.\u00a0\u00a0\u00a0\u00a0\u00a0<br \/><strong>Karim Aoudia<\/strong><\/p>\n<p>Auteur: elmoudjahid<br \/>\n<a href=\"http:\/\/www.elmoudjahid.com\/fr\/actualites\/136281\">Cliquez ici pour lire l&rsquo;article depuis sa source.<\/a><\/p>\n","protected":false},"excerpt":{"rendered":"<p>La dynamique des manifestations citoyennes des Alg\u00e9riennes et Alg\u00e9riens de diff\u00e9rentes franges de la soci\u00e9t\u00e9 pour l\u2019objectif\u00a0 d\u2019un changement radical du syst\u00e8me ne faiblit pas. Hier, et au 10e vendredi cons\u00e9cutif, les principales art\u00e8res de la capitale ont \u00e9t\u00e9 noires de monde. Des personnes de tous les \u00e2ges et des deux sexes, des familles enti\u00e8res [&hellip;]<\/p>\n","protected":false},"author":1744,"featured_media":0,"comment_status":"closed","ping_status":"closed","sticky":false,"template":"","format":"standard","meta":{"fifu_image_url":"","fifu_image_alt":"","footnotes":""},"categories":[73,53],"tags":[],"class_list":["post-30634","post","type-post","status-publish","format-standard","hentry","category-actualite","category-algerie"],"_links":{"self":[{"href":"https:\/\/linitiative.ca\/International\/wp-json\/wp\/v2\/posts\/30634","targetHints":{"allow":["GET"]}}],"collection":[{"href":"https:\/\/linitiative.ca\/International\/wp-json\/wp\/v2\/posts"}],"about":[{"href":"https:\/\/linitiative.ca\/International\/wp-json\/wp\/v2\/types\/post"}],"author":[{"embeddable":true,"href":"https:\/\/linitiative.ca\/International\/wp-json\/wp\/v2\/users\/1744"}],"replies":[{"embeddable":true,"href":"https:\/\/linitiative.ca\/International\/wp-json\/wp\/v2\/comments?post=30634"}],"version-history":[{"count":0,"href":"https:\/\/linitiative.ca\/International\/wp-json\/wp\/v2\/posts\/30634\/revisions"}],"wp:attachment":[{"href":"https:\/\/linitiative.ca\/International\/wp-json\/wp\/v2\/media?parent=30634"}],"wp:term":[{"taxonomy":"category","embeddable":true,"href":"https:\/\/linitiative.ca\/International\/wp-json\/wp\/v2\/categories?post=30634"},{"taxonomy":"post_tag","embeddable":true,"href":"https:\/\/linitiative.ca\/International\/wp-json\/wp\/v2\/tags?post=30634"}],"curies":[{"name":"wp","href":"https:\/\/api.w.org\/{rel}","templated":true}]}}