{"id":30641,"date":"2019-04-27T09:45:05","date_gmt":"2019-04-27T13:45:05","guid":{"rendered":"https:\/\/linitiative.ca\/International\/88668-ligue-2-le-wa-tlemcen-a-trois-points-de-la-montee\/"},"modified":"2019-04-27T09:45:05","modified_gmt":"2019-04-27T13:45:05","slug":"88668-ligue-2-le-wa-tlemcen-a-trois-points-de-la-montee","status":"publish","type":"post","link":"https:\/\/linitiative.ca\/International\/88668-ligue-2-le-wa-tlemcen-a-trois-points-de-la-montee\/","title":{"rendered":"Ligue 2: le WA Tlemcen \u00e0 trois points de la mont\u00e9e"},"content":{"rendered":"<div>\n<div class=\"K2FeedIntroText\">\n<p><strong>ORAN &#8211; Le WA Tlemcen pourrait assurer d\u00e8s dimanche son retour en Ligue 1 Mobilis s\u2019il l\u2019emporte \u00e0 domicile contre l\u2019US Biskra, un autre pr\u00e9tendant \u00e0 la mont\u00e9e, dans le cadre de la 29e et avant-derni\u00e8re journ\u00e9e du championnat de Ligue 2 de football.<\/strong><\/p>\n<\/div>\n<div class=\"K2FeedFullText\">\n<p>Le WAT, qui reste sur quatre victoires de rang, table ainsi sur une passe de cinq, synonyme d\u2019un retour au premier plan apr\u00e8s quelques ann\u00e9es de disette au cours desquelles le club est descendu si bas apr\u00e8s avoir quitt\u00e9 l\u2019\u00e9lite il y a quatre saisons, \u00e9voluant m\u00eame dans le troisi\u00e8me palier.<\/p>\n<p>\u00ab\u00a0L\u2019heure de v\u00e9rit\u00e9 sonne pour mon \u00e9quipe, cens\u00e9e cueillir les fruits d\u2019une longue saison de dur labeur. Ce ne sera pas du tout facile contre un autre pr\u00e9tendant \u00e0 la mont\u00e9e, mais on devra tout faire pour l\u2019emporter\u00a0\u00bb, a d\u00e9clar\u00e9 \u00e0 l\u2019APS l\u2019entra\u00eeneur de la formation des \u00ab\u00a0Zianides\u00a0\u00bb, Fouad Bouali.<\/p>\n<p>\u00ab\u00a0Il est clair que notre objectif est de sceller notre accession d\u00e8s cette journ\u00e9e, surtout qu\u2019on aura \u00e0 effectuer un p\u00e9rilleux d\u00e9placement \u00e0 Chlef pour le compte de la derni\u00e8re journ\u00e9e\u00a0\u00bb, a-t-il encore averti.<\/p>\n<p>A deux journ\u00e9es de la fin du championnat, le WAT partage la 1re place avec l\u2019ASO Chlef (51 pts chacun), distan\u00e7ant de deux unit\u00e9s le troisi\u00e8me, l\u2019US Biskra.<\/p>\n<p>Ironie du sort : en 2009, le WAT avait r\u00e9ussi son retour parmi l\u2019\u00e9lite apr\u00e8s un court passage en deuxi\u00e8me division \u00e0 l\u2019occasion de la r\u00e9ception du m\u00eame adversaire de dimanche, soit l\u2019USB. Une grande f\u00eate avait \u00e9t\u00e9 organis\u00e9e pour la circonstance et dans un stade archicomble.<\/p>\n<p>Evidemment, tout Tlemcen aspire \u00e0 ce que le m\u00eame sc\u00e9nario se reproduise cette fois-ci pour couronner une longue saison au cours de laquelle l\u2019\u00e9quipe n\u2019a pas quitt\u00e9 le podium depuis le d\u00e9but d&rsquo;exercice.<\/p>\n<\/div>\n<p><img loading=\"lazy\" decoding=\"async\" src=\"http:\/\/feeds.feedburner.com\/~r\/aps-sport\/~4\/ibIm7j36Z2o\" height=\"1\" width=\"1\" alt=\"\"><\/div>\n<p>Auteur:<br \/>\n<a href=\"http:\/\/www.aps.dz\/sport\/88668-ligue-2-le-wa-tlemcen-a-trois-points-de-la-montee?utm_source=feedburner&#038;utm_medium=feed&#038;utm_campaign=Feed%3A+aps-sport+%28APS+-+SPORT%29\">Cliquez ici pour lire l&rsquo;article depuis sa source.<\/a><\/p>\n","protected":false},"excerpt":{"rendered":"<p>ORAN &#8211; Le WA Tlemcen pourrait assurer d\u00e8s dimanche son retour en Ligue 1 Mobilis s\u2019il l\u2019emporte \u00e0 domicile contre l\u2019US Biskra, un autre pr\u00e9tendant \u00e0 la mont\u00e9e, dans le cadre de la 29e et avant-derni\u00e8re journ\u00e9e du championnat de Ligue 2 de football. Le WAT, qui reste sur quatre victoires de rang, table ainsi [&hellip;]<\/p>\n","protected":false},"author":1790,"featured_media":0,"comment_status":"closed","ping_status":"closed","sticky":false,"template":"","format":"standard","meta":{"fifu_image_url":"","fifu_image_alt":"","footnotes":""},"categories":[53,75],"tags":[],"class_list":["post-30641","post","type-post","status-publish","format-standard","hentry","category-algerie","category-sport"],"_links":{"self":[{"href":"https:\/\/linitiative.ca\/International\/wp-json\/wp\/v2\/posts\/30641","targetHints":{"allow":["GET"]}}],"collection":[{"href":"https:\/\/linitiative.ca\/International\/wp-json\/wp\/v2\/posts"}],"about":[{"href":"https:\/\/linitiative.ca\/International\/wp-json\/wp\/v2\/types\/post"}],"author":[{"embeddable":true,"href":"https:\/\/linitiative.ca\/International\/wp-json\/wp\/v2\/users\/1790"}],"replies":[{"embeddable":true,"href":"https:\/\/linitiative.ca\/International\/wp-json\/wp\/v2\/comments?post=30641"}],"version-history":[{"count":0,"href":"https:\/\/linitiative.ca\/International\/wp-json\/wp\/v2\/posts\/30641\/revisions"}],"wp:attachment":[{"href":"https:\/\/linitiative.ca\/International\/wp-json\/wp\/v2\/media?parent=30641"}],"wp:term":[{"taxonomy":"category","embeddable":true,"href":"https:\/\/linitiative.ca\/International\/wp-json\/wp\/v2\/categories?post=30641"},{"taxonomy":"post_tag","embeddable":true,"href":"https:\/\/linitiative.ca\/International\/wp-json\/wp\/v2\/tags?post=30641"}],"curies":[{"name":"wp","href":"https:\/\/api.w.org\/{rel}","templated":true}]}}