{"id":30644,"date":"2019-04-27T09:55:04","date_gmt":"2019-04-27T13:55:04","guid":{"rendered":"https:\/\/linitiative.ca\/International\/88670-federation-algerienne-de-cyclisme-kheireddine-barbari-nouveau-president\/"},"modified":"2019-04-27T09:55:04","modified_gmt":"2019-04-27T13:55:04","slug":"88670-federation-algerienne-de-cyclisme-kheireddine-barbari-nouveau-president","status":"publish","type":"post","link":"https:\/\/linitiative.ca\/International\/88670-federation-algerienne-de-cyclisme-kheireddine-barbari-nouveau-president\/","title":{"rendered":"F\u00e9d\u00e9ration alg\u00e9rienne de cyclisme : Khe\u00efreddine Barbari nouveau pr\u00e9sident"},"content":{"rendered":"<div>\n<div class=\"K2FeedImage\"><img decoding=\"async\" src=\"http:\/\/www.aps.dz\/media\/k2\/items\/cache\/af889f098a4a43034e1a9a5e78d0418c_S.jpg\" alt=\"F\u00e9d\u00e9ration Alg\u00e9rienne de Tennis\"><\/div>\n<div class=\"K2FeedIntroText\">\n<p>ALGER- Le pr\u00e9sident de la Ligue cycliste de Biskra, Khe\u00efredine Barbari, a \u00e9t\u00e9 \u00e9lu par acclamation \u00e0 la t\u00eate de la F\u00e9d\u00e9ration alg\u00e9rienne de cyclisme (FAC), lors de l&rsquo;Assembl\u00e9e g\u00e9n\u00e9rale \u00e9lective (AGE) tenue samedi au si\u00e8ge du Comit\u00e9 olympique et sportif alg\u00e9rien (COA) \u00e0 Ben Aknoun (Alger).<\/p>\n<\/div>\n<div class=\"K2FeedFullText\">\n<blockquote>\n<p><strong><em>Seul candidat au poste de pr\u00e9sident, Barbari a \u00e9t\u00e9 \u00e9lu par acclamation par les 25 membres pr\u00e9sents de l&rsquo;assembl\u00e9e g\u00e9n\u00e9rale qui en compte 47, en pr\u00e9sence des repr\u00e9sentants du minist\u00e8re de la Jeunesse et des Sports, Farid Bouzid et du COA, Rabah Chebbah.<\/em><\/strong><\/p>\n<\/blockquote>\n<p>D\u00e9j\u00e0 vice-pr\u00e9sident de l&rsquo;instance f\u00e9d\u00e9rale et patron de la Ligue de Biskra, Barbari a justifi\u00e9 sa volont\u00e9 de se porter candidat par le fait d'\u00a0\u00bballer de l&rsquo;avant dans le seul but de redonner au cyclisme la place qui lui sied sur le plan national, r\u00e9gionale et continentale\u00a0\u00bb.<\/p>\n<p>\u00ab\u00a0Les portes de l&rsquo;instance f\u00e9d\u00e9rale seront ouvertes \u00e0 tous les techniciens de la discipline qui sont appel\u00e9s \u00e0 mettre la main dans la main pour remettre cette discipline \u00e0 sa vraie place, mais cela passe par une v\u00e9ritable restructuration des directions permanentes de la FAC, notamment la Direction technique nationale (DTN)\u00a0\u00bb, a d\u00e9clar\u00e9 Barbari \u00e0 l&rsquo;issue de sa victoire.<\/p>\n<p>Pour le nouveau pr\u00e9sident de la FAC, un travail de longue haleine attend le bureau f\u00e9d\u00e9ral afin de hisser la discipline \u00e0 un niveau sup\u00e9rieur, \u00e0 travers la mise en place d&rsquo;une strat\u00e9gie de d\u00e9veloppement du cyclisme dans les diff\u00e9rentes ligues du pays.<\/p>\n<blockquote>\n<p><em><strong>\u00ab\u00a0Notre programme repose sur une priorit\u00e9 absolue en direction des ligues, leurs conditions de travail en termes de moyens et leurs actions pour la promotion de la discipline par l&rsquo;\u00e9mergence de talents, leur encadrement et l&rsquo;am\u00e9lioration des performances, la r\u00e9fection et la mise \u00e0 niveau du v\u00e9lodrome d&rsquo;Annaba et suivre les travaux de r\u00e9alisation du v\u00e9lodrome de Mascara\u00a0\u00bb, a-t-il expliqu\u00e9.<\/strong><\/em><\/p>\n<\/blockquote>\n<p>Pour ce qui est du Tour d&rsquo;Alg\u00e9rie cycliste, le nouveau pr\u00e9sident de la FAC a \u00ab\u00a0r\u00e9affirm\u00e9 la position de la nouvelle instance f\u00e9d\u00e9rale \u00e0 perp\u00e9tuer ce rendez-vous sportif qui appartient \u00e0 tous les Alg\u00e9riens\u00a0\u00bb.<\/p>\n<p>\u00ab\u00a0En concertation avec l&rsquo;Union cycliste internationale (UCI), nous projetons de l&rsquo;organiser en 2020, tout en prenant le temps qu&rsquo;il faut pour le pr\u00e9parer dans les meilleures conditions possibles. Les autres Tours internationaux seront organis\u00e9s par les ligues conform\u00e9ment au cahier des charges de l&rsquo;UCI et la FAC assurera le suivi administratif\u00a0\u00bb, a-t-il conclu.<\/p>\n<p>Barbari a remplac\u00e9 le pr\u00e9sident d\u00e9missionnaire, Mabrouk Kerboua, qui s&rsquo;est retir\u00e9 en novembre 2018 pour des raisons \u00ab\u00a0personnelles et de sant\u00e9\u00a0\u00bb, apr\u00e8s avoir \u00e9t\u00e9 \u00e9lu en f\u00e9vrier 2017.<\/p>\n<\/div>\n<p><img loading=\"lazy\" decoding=\"async\" src=\"http:\/\/feeds.feedburner.com\/~r\/aps-sport\/~4\/LIkYUicUj78\" height=\"1\" width=\"1\" alt=\"\"><\/div>\n<p>Auteur:<br \/>\n<a href=\"http:\/\/www.aps.dz\/sport\/88670-federation-algerienne-de-cyclisme-kheireddine-barbari-nouveau-president?utm_source=feedburner&#038;utm_medium=feed&#038;utm_campaign=Feed%3A+aps-sport+%28APS+-+SPORT%29\">Cliquez ici pour lire l&rsquo;article depuis sa source.<\/a><\/p>\n","protected":false},"excerpt":{"rendered":"<p>ALGER- Le pr\u00e9sident de la Ligue cycliste de Biskra, Khe\u00efredine Barbari, a \u00e9t\u00e9 \u00e9lu par acclamation \u00e0 la t\u00eate de la F\u00e9d\u00e9ration alg\u00e9rienne de cyclisme (FAC), lors de l&rsquo;Assembl\u00e9e g\u00e9n\u00e9rale \u00e9lective (AGE) tenue samedi au si\u00e8ge du Comit\u00e9 olympique et sportif alg\u00e9rien (COA) \u00e0 Ben Aknoun (Alger). Seul candidat au poste de pr\u00e9sident, Barbari a [&hellip;]<\/p>\n","protected":false},"author":1790,"featured_media":30645,"comment_status":"closed","ping_status":"closed","sticky":false,"template":"","format":"standard","meta":{"fifu_image_url":"","fifu_image_alt":"","footnotes":""},"categories":[53,75],"tags":[],"class_list":["post-30644","post","type-post","status-publish","format-standard","has-post-thumbnail","hentry","category-algerie","category-sport"],"_links":{"self":[{"href":"https:\/\/linitiative.ca\/International\/wp-json\/wp\/v2\/posts\/30644","targetHints":{"allow":["GET"]}}],"collection":[{"href":"https:\/\/linitiative.ca\/International\/wp-json\/wp\/v2\/posts"}],"about":[{"href":"https:\/\/linitiative.ca\/International\/wp-json\/wp\/v2\/types\/post"}],"author":[{"embeddable":true,"href":"https:\/\/linitiative.ca\/International\/wp-json\/wp\/v2\/users\/1790"}],"replies":[{"embeddable":true,"href":"https:\/\/linitiative.ca\/International\/wp-json\/wp\/v2\/comments?post=30644"}],"version-history":[{"count":0,"href":"https:\/\/linitiative.ca\/International\/wp-json\/wp\/v2\/posts\/30644\/revisions"}],"wp:featuredmedia":[{"embeddable":true,"href":"https:\/\/linitiative.ca\/International\/wp-json\/"}],"wp:attachment":[{"href":"https:\/\/linitiative.ca\/International\/wp-json\/wp\/v2\/media?parent=30644"}],"wp:term":[{"taxonomy":"category","embeddable":true,"href":"https:\/\/linitiative.ca\/International\/wp-json\/wp\/v2\/categories?post=30644"},{"taxonomy":"post_tag","embeddable":true,"href":"https:\/\/linitiative.ca\/International\/wp-json\/wp\/v2\/tags?post=30644"}],"curies":[{"name":"wp","href":"https:\/\/api.w.org\/{rel}","templated":true}]}}