{"id":30653,"date":"2019-04-27T13:41:00","date_gmt":"2019-04-27T17:41:00","guid":{"rendered":"https:\/\/linitiative.ca\/International\/mouvement-populaire-benflis-se-felicite-de-lengagement-de-lanp\/"},"modified":"2019-04-27T13:41:00","modified_gmt":"2019-04-27T17:41:00","slug":"mouvement-populaire-benflis-se-felicite-de-lengagement-de-lanp","status":"publish","type":"post","link":"https:\/\/linitiative.ca\/International\/mouvement-populaire-benflis-se-felicite-de-lengagement-de-lanp\/","title":{"rendered":"MOUVEMENT POPULAIRE : Benflis se f\u00e9licite de l\u2019engagement de l\u2019ANP"},"content":{"rendered":"<p><br id=\"sep_para_1\" class=\"sep_para access\"\/><\/p>\n<div id=\"para_1\" class=\"para_30654070 resize\">\n<div class=\"texte access firstletter\">\u00ab Le Bureau politique [de Talaie El Hourriyet] est scandalis\u00e9 par l\u2019attitude et les man\u0153uvres de ceux qui s\u2019accrochent au pouvoir ignorant volontairement le message du peuple qui exige leur d\u00e9part. En menant un combat d\u2019arri\u00e8re-garde, ils se rendent coupables de retarder la solution de la crise politique, constitutionnelle et institutionnelle qui met en p\u00e9ril l\u2019\u00c9tat national et les acquis de la r\u00e9volution d\u00e9mocratique \u00bb, d\u00e9nonce le parti. Le parti de l\u2019ex-chef du gouvernement entre 2000 et 2003 se dit ainsi \u00ab convaincu que la solution de la crise passe n\u00e9cessairement par le d\u00e9part des figures embl\u00e9matiques du r\u00e9gime et un traitement tout \u00e0 la fois constitutionnel et politique de la crise \u00bb. \u00ab L\u2019application des articles 7, 8 combin\u00e9s \u00e0 l\u2019article 102 de la Constitution, constitue la meilleure solution pour une sortie de l\u2019impasse actuelle. Le recours \u00e0 ces deux articles de la Constitution qui fait l\u2019objet d\u2019une large acceptation parce qu\u2019ils traduisent les aspirations populaires, offre une couverture constitutionnelle solide au volet politique de la solution de la crise \u00bb, a estim\u00e9 Talaie El Hourriyet. Par ailleurs, le parti de Benflis a affirm\u00e9 qu\u2019il \u00ab se f\u00e9licite de l\u2019engagement de l\u2019institution militaire \u00e0 apporter son soutien \u00e0 un r\u00e8glement \u2018\u2019qui garantit la satisfaction de toutes les revendications l\u00e9gitimes\u2019\u2019 du peuple Alg\u00e9rien et \u2018\u2019acceptable\u2019\u2019 pour tous \u00bb, consid\u00e9rant que \u00ab l\u2019institution militaire peut aider \u00e0 parvenir \u00e0 cette solution comme l\u2019exige son devoir patriotique et le sens \u00e9lev\u00e9 qu\u2019elle a de ses responsabilit\u00e9s nationales \u00bb. \u00ab Elle est sollicit\u00e9e pour qu\u2019elle remplisse une mission de facilitation, d\u2019accompagnement, de garantie et de protection de la solution de la crise \u00bb, indique \u00e0 cet \u00e9gard Talaie El Hourriyet.<\/div>\n<\/div>\n<p>Auteur: Ismain<br \/>\n<a href=\"https:\/\/www.reflexiondz.net\/MOUVEMENT-POPULAIRE-Benflis-se-felicite-de-l-engagement-de-l-ANP_a55596.html\">Cliquez ici pour lire l&rsquo;article depuis sa source.<\/a><\/p>\n","protected":false},"excerpt":{"rendered":"<p>\u00ab Le Bureau politique [de Talaie El Hourriyet] est scandalis\u00e9 par l\u2019attitude et les man\u0153uvres de ceux qui s\u2019accrochent au pouvoir ignorant volontairement le message du peuple qui exige leur d\u00e9part. En menant un combat d\u2019arri\u00e8re-garde, ils se rendent coupables de retarder la solution de la crise politique, constitutionnelle et institutionnelle qui met en p\u00e9ril [&hellip;]<\/p>\n","protected":false},"author":1740,"featured_media":0,"comment_status":"closed","ping_status":"closed","sticky":false,"template":"","format":"standard","meta":{"fifu_image_url":"","fifu_image_alt":"","footnotes":""},"categories":[53,76],"tags":[],"class_list":["post-30653","post","type-post","status-publish","format-standard","hentry","category-algerie","category-regions"],"_links":{"self":[{"href":"https:\/\/linitiative.ca\/International\/wp-json\/wp\/v2\/posts\/30653","targetHints":{"allow":["GET"]}}],"collection":[{"href":"https:\/\/linitiative.ca\/International\/wp-json\/wp\/v2\/posts"}],"about":[{"href":"https:\/\/linitiative.ca\/International\/wp-json\/wp\/v2\/types\/post"}],"author":[{"embeddable":true,"href":"https:\/\/linitiative.ca\/International\/wp-json\/wp\/v2\/users\/1740"}],"replies":[{"embeddable":true,"href":"https:\/\/linitiative.ca\/International\/wp-json\/wp\/v2\/comments?post=30653"}],"version-history":[{"count":0,"href":"https:\/\/linitiative.ca\/International\/wp-json\/wp\/v2\/posts\/30653\/revisions"}],"wp:attachment":[{"href":"https:\/\/linitiative.ca\/International\/wp-json\/wp\/v2\/media?parent=30653"}],"wp:term":[{"taxonomy":"category","embeddable":true,"href":"https:\/\/linitiative.ca\/International\/wp-json\/wp\/v2\/categories?post=30653"},{"taxonomy":"post_tag","embeddable":true,"href":"https:\/\/linitiative.ca\/International\/wp-json\/wp\/v2\/tags?post=30653"}],"curies":[{"name":"wp","href":"https:\/\/api.w.org\/{rel}","templated":true}]}}