{"id":30659,"date":"2019-04-27T14:23:00","date_gmt":"2019-04-27T18:23:00","guid":{"rendered":"https:\/\/linitiative.ca\/International\/en-remplacement-de-reguieg-youcef-achoui-nomme-directeur-du-protocole-de-la-presidence\/"},"modified":"2019-04-27T14:23:00","modified_gmt":"2019-04-27T18:23:00","slug":"en-remplacement-de-reguieg-youcef-achoui-nomme-directeur-du-protocole-de-la-presidence","status":"publish","type":"post","link":"https:\/\/linitiative.ca\/International\/en-remplacement-de-reguieg-youcef-achoui-nomme-directeur-du-protocole-de-la-presidence\/","title":{"rendered":"EN REMPLACEMENT DE  REGUIEG : Youcef Achoui , nomm\u00e9 directeur du protocole de la pr\u00e9sidence"},"content":{"rendered":"<p><br id=\"sep_para_1\" class=\"sep_para access\"\/><\/p>\n<div id=\"para_1\" class=\"para_30654558 resize\">\n<div class=\"photo shadow left\"><a href=\"javascript:void(0)\" rel=\"https:\/\/www.reflexiondz.net\/photo\/art\/grande\/33113133-30654558.jpg?v=1556390583&#038;ibox\" title=\"EN REMPLACEMENT DE REGUIEG : Youcef Achoui , nomm\u00e9 directeur du protocole de la pr\u00e9sidence\"><img decoding=\"async\" class=\"responsive c9\" src=\"https:\/\/www.reflexiondz.net\/photo\/art\/grande\/33113133-30654558.jpg?v=1556390583\" alt=\"EN REMPLACEMENT DE REGUIEG : Youcef Achoui , nomm\u00e9 directeur du protocole de la pr\u00e9sidence\" title=\"EN REMPLACEMENT DE REGUIEG : Youcef Achoui , nomm\u00e9 directeur du protocole de la pr\u00e9sidence\"\/><img decoding=\"async\" class=\"not-responsive\" src=\"https:\/\/www.reflexiondz.net\/photo\/art\/default\/33113133-30654558.jpg?v=1556390585\" alt=\"EN REMPLACEMENT DE REGUIEG : Youcef Achoui , nomm\u00e9 directeur du protocole de la pr\u00e9sidence\" title=\"EN REMPLACEMENT DE REGUIEG : Youcef Achoui , nomm\u00e9 directeur du protocole de la pr\u00e9sidence\"\/><\/a><\/div>\n<div class=\"texte access firstletter\">Le chef de l\u2019Etat, Abdelkader Bensalah a nomm\u00e9 aujourd\u2019hui, samedi 27 avril, Youcef Achoui au poste de directeur du protocole de la pr\u00e9sidence en remplacement de Mokhtar Reguieg. Youcef Achoui a \u00e9t\u00e9 nomm\u00e9 \u00e0 la t\u00eate de la direction du protocole de la pr\u00e9sidence en remplacement de Mokhtar Reguieg, d\u00e9mis de ses fonctions par le Palais Pr\u00e9sidentiel d\u2019El-Mouradia depuis plus d\u2019une semaine.<\/div>\n<\/div>\n<p>Auteur: R\u00e9flexion<br \/>\n<a href=\"https:\/\/www.reflexiondz.net\/EN-REMPLACEMENT-DE-REGUIEG-Youcef-Achoui--nomme-directeur-du-protocole-de-la-presidence_a55601.html\">Cliquez ici pour lire l&rsquo;article depuis sa source.<\/a><\/p>\n","protected":false},"excerpt":{"rendered":"<p>Le chef de l\u2019Etat, Abdelkader Bensalah a nomm\u00e9 aujourd\u2019hui, samedi 27 avril, Youcef Achoui au poste de directeur du protocole de la pr\u00e9sidence en remplacement de Mokhtar Reguieg. Youcef Achoui a \u00e9t\u00e9 nomm\u00e9 \u00e0 la t\u00eate de la direction du protocole de la pr\u00e9sidence en remplacement de Mokhtar Reguieg, d\u00e9mis de ses fonctions par le [&hellip;]<\/p>\n","protected":false},"author":1740,"featured_media":0,"comment_status":"closed","ping_status":"closed","sticky":false,"template":"","format":"standard","meta":{"fifu_image_url":"","fifu_image_alt":"","footnotes":""},"categories":[53,76],"tags":[],"class_list":["post-30659","post","type-post","status-publish","format-standard","hentry","category-algerie","category-regions"],"_links":{"self":[{"href":"https:\/\/linitiative.ca\/International\/wp-json\/wp\/v2\/posts\/30659","targetHints":{"allow":["GET"]}}],"collection":[{"href":"https:\/\/linitiative.ca\/International\/wp-json\/wp\/v2\/posts"}],"about":[{"href":"https:\/\/linitiative.ca\/International\/wp-json\/wp\/v2\/types\/post"}],"author":[{"embeddable":true,"href":"https:\/\/linitiative.ca\/International\/wp-json\/wp\/v2\/users\/1740"}],"replies":[{"embeddable":true,"href":"https:\/\/linitiative.ca\/International\/wp-json\/wp\/v2\/comments?post=30659"}],"version-history":[{"count":0,"href":"https:\/\/linitiative.ca\/International\/wp-json\/wp\/v2\/posts\/30659\/revisions"}],"wp:attachment":[{"href":"https:\/\/linitiative.ca\/International\/wp-json\/wp\/v2\/media?parent=30659"}],"wp:term":[{"taxonomy":"category","embeddable":true,"href":"https:\/\/linitiative.ca\/International\/wp-json\/wp\/v2\/categories?post=30659"},{"taxonomy":"post_tag","embeddable":true,"href":"https:\/\/linitiative.ca\/International\/wp-json\/wp\/v2\/tags?post=30659"}],"curies":[{"name":"wp","href":"https:\/\/api.w.org\/{rel}","templated":true}]}}