{"id":30667,"date":"2019-04-27T16:43:55","date_gmt":"2019-04-27T20:43:55","guid":{"rendered":"https:\/\/linitiative.ca\/International\/noureddine-ayadi-nouveau-sg-de-la-presidence-de-la-republique\/"},"modified":"2019-04-27T16:43:55","modified_gmt":"2019-04-27T20:43:55","slug":"noureddine-ayadi-nouveau-sg-de-la-presidence-de-la-republique","status":"publish","type":"post","link":"https:\/\/linitiative.ca\/International\/noureddine-ayadi-nouveau-sg-de-la-presidence-de-la-republique\/","title":{"rendered":"Noureddine Ayadi nouveau SG de la pr\u00e9sidence de la R\u00e9publique"},"content":{"rendered":"<h4 class=\"title-14\"\/>\n<p><strong>Le chef de l\u2019Etat, Abdelkader Bensalah, a nomm\u00e9 samedi Noureddine Ayadi Secr\u00e9taire g\u00e9n\u00e9ral de la pr\u00e9sidence de la R\u00e9publique, indique un communiqu\u00e9 de cette institution.<\/strong><\/p>\n<p>\u201cMonsieur Abdelkader Bensalah, chef de l\u2019Etat, a nomm\u00e9 ce jour, samedi 27 avril 2019, M. Noureddine Ayadi, \u00e0 la fonction de Secr\u00e9taire g\u00e9n\u00e9ral de la pr\u00e9sidence de la R\u00e9publique, en remplacement de M. Logbi Habba\u201d, selon le communiqu\u00e9.<\/p>\n<p>N\u00e9 le 23 juin 1956 \u00e0 S\u00e9tif, M. Ayadi est dipl\u00f4m\u00e9 de l\u2019Ecole nationale d\u2019administration (ENA) en 1983. Le dernier poste qu\u2019il avait occup\u00e9 est celui de Secr\u00e9taire g\u00e9n\u00e9ral du minist\u00e8re des Affaires \u00e9trang\u00e8res. Il a \u00e9t\u00e9 aussi ambassadeur d\u2019Alg\u00e9rie en Argentine, au Mali et aux Pays Bas (2015). Il a \u00e9galement servi \u00e0 l\u2019administration centrale au MAE en qualit\u00e9 de directeur des Affaires politiques et directeur Am\u00e9rique Latine.<\/p>\n<p>Haut cadre charg\u00e9 du processus de dialogue inclusif inter-malien, amorc\u00e9 en juillet 2014, M. Ayadi a pris une grande part \u00e0 toutes les \u00e9tapes du processus de paix et de r\u00e9conciliation au Mali.<\/p>\n<p>De son parcours professionnel, ressort une exp\u00e9rience forte de 34 ans ax\u00e9e essentiellement sur les grands dossiers strat\u00e9giques internationaux qu\u2019il avait g\u00e9r\u00e9s au MAE, puis \u00e0 la Pr\u00e9sidence de la R\u00e9publique en tant que charg\u00e9 de mission, o\u00f9 il a eu \u00e0 coordonner les travaux du Groupe interminist\u00e9riel charg\u00e9 du suivi de l\u2019action ext\u00e9rieure de l\u2019Alg\u00e9rie, notamment dans les domaines de la lutte antiterroriste, du crime organis\u00e9 et de l\u2019immigration clandestine.<\/p>\n<div class=\"yuzo_related_post style-1\" data-version=\"5.12.88\">\n<p><h3>Related Post<\/h3>\n<\/p>\n<div class=\"yuzo_wraps\">\n<div class=\"relatedthumb relatedpost-568164 c11\"><a href=\"https:\/\/www.elwatan.com\/edition\/actualite\/setif-loperation-mains-propres-est-un-leurre-06-04-2019\"\/><\/p>\n<p><span class=\"yuzo__text--title c10\">S\u00e9tif : l\u2019op\u00e9ration mains propres est un \u00ableurre\u00bb&#8230;<\/span><\/div>\n<div class=\"relatedthumb relatedpost-566832 c11\"><a href=\"https:\/\/www.elwatan.com\/edition\/actualite\/gaid-salah-insiste-sur-lactivation-de-larticle-102-de-la-constitution-et-accuse-30-03-2019\"\/><\/p>\n<p><span class=\"yuzo__text--title c10\">Ga\u00efd Salah insiste sur l\u2019activation des articles 1&#8230;<\/span><\/div>\n<div class=\"relatedthumb relatedpost-570952 c11\"><a href=\"https:\/\/www.elwatan.com\/edition\/actualite\/nouvelles-nominations-a-la-tete-des-douanes-et-de-la-banque-dalgerie-20-04-2019\"\/><\/p>\n<p><span class=\"yuzo__text--title c10\">Nouvelles nominations \u00e0 la t\u00eate des Douanes et de &#8230;<\/span><\/div>\n<div class=\"relatedthumb relatedpost-569317 c11\"><a href=\"https:\/\/www.elwatan.com\/edition\/actualite\/plus-dun-million-de-manifestants-a-alger-le-peuple-veut-que-vous-degagiez-tous-12-04-2019\"\/><\/p>\n<p><span class=\"yuzo__text--title c10\">Plus d\u2019un million de manifestants \u00e0 Alger : \u00ab Le p&#8230;<\/span><\/div>\n<\/div>\n<\/div>\n<p><span class=\"post-views-label\">Post Views:<\/span> <span class=\"post-views-count\">32<\/span><\/p>\n<p>Auteur: Farouk Djouadi<br \/>\n<a href=\"https:\/\/www.elwatan.com\/edition\/actualite\/noureddine-ayadi-nouveau-sg-de-la-presidence-de-la-republique-27-04-2019\">Cliquez ici pour lire l&rsquo;article depuis sa source.<\/a><\/p>\n","protected":false},"excerpt":{"rendered":"<p>Le chef de l\u2019Etat, Abdelkader Bensalah, a nomm\u00e9 samedi Noureddine Ayadi Secr\u00e9taire g\u00e9n\u00e9ral de la pr\u00e9sidence de la R\u00e9publique, indique un communiqu\u00e9 de cette institution. \u201cMonsieur Abdelkader Bensalah, chef de l\u2019Etat, a nomm\u00e9 ce jour, samedi 27 avril 2019, M. Noureddine Ayadi, \u00e0 la fonction de Secr\u00e9taire g\u00e9n\u00e9ral de la pr\u00e9sidence de la R\u00e9publique, en [&hellip;]<\/p>\n","protected":false},"author":1743,"featured_media":0,"comment_status":"closed","ping_status":"closed","sticky":false,"template":"","format":"standard","meta":{"fifu_image_url":"","fifu_image_alt":"","footnotes":""},"categories":[73,53],"tags":[],"class_list":["post-30667","post","type-post","status-publish","format-standard","hentry","category-actualite","category-algerie"],"_links":{"self":[{"href":"https:\/\/linitiative.ca\/International\/wp-json\/wp\/v2\/posts\/30667","targetHints":{"allow":["GET"]}}],"collection":[{"href":"https:\/\/linitiative.ca\/International\/wp-json\/wp\/v2\/posts"}],"about":[{"href":"https:\/\/linitiative.ca\/International\/wp-json\/wp\/v2\/types\/post"}],"author":[{"embeddable":true,"href":"https:\/\/linitiative.ca\/International\/wp-json\/wp\/v2\/users\/1743"}],"replies":[{"embeddable":true,"href":"https:\/\/linitiative.ca\/International\/wp-json\/wp\/v2\/comments?post=30667"}],"version-history":[{"count":0,"href":"https:\/\/linitiative.ca\/International\/wp-json\/wp\/v2\/posts\/30667\/revisions"}],"wp:attachment":[{"href":"https:\/\/linitiative.ca\/International\/wp-json\/wp\/v2\/media?parent=30667"}],"wp:term":[{"taxonomy":"category","embeddable":true,"href":"https:\/\/linitiative.ca\/International\/wp-json\/wp\/v2\/categories?post=30667"},{"taxonomy":"post_tag","embeddable":true,"href":"https:\/\/linitiative.ca\/International\/wp-json\/wp\/v2\/tags?post=30667"}],"curies":[{"name":"wp","href":"https:\/\/api.w.org\/{rel}","templated":true}]}}