{"id":30673,"date":"2019-04-27T06:00:00","date_gmt":"2019-04-27T10:00:00","guid":{"rendered":"https:\/\/linitiative.ca\/International\/la-poesie-algerienne-a-accompagne-le-peuple-dans-ses-aspirations-et-ses-espoirs\/"},"modified":"2019-04-27T06:00:00","modified_gmt":"2019-04-27T10:00:00","slug":"la-poesie-algerienne-a-accompagne-le-peuple-dans-ses-aspirations-et-ses-espoirs","status":"publish","type":"post","link":"https:\/\/linitiative.ca\/International\/la-poesie-algerienne-a-accompagne-le-peuple-dans-ses-aspirations-et-ses-espoirs\/","title":{"rendered":"La po\u00e9sie alg\u00e9rienne a accompagn\u00e9 le peuple dans ses aspirations et ses espoirs"},"content":{"rendered":"<p>Les participants au 1er Congr\u00e8s international sur les formes d\u2019expression dans les discours alg\u00e9riens contemporains, organis\u00e9\u00a0 par l\u2019universit\u00e9 d\u2019Oran 1 Ahmed-Zabana, ont affirm\u00e9 que la po\u00e9sie alg\u00e9rienne a accompagn\u00e9 le peuple dans ses aspirations et ses espoirs.\u00a0<br \/>Mekki Derrari de l\u2019universit\u00e9<br \/>d\u2019Oran 1 a soulign\u00e9, dans une communication sur \u00abla po\u00e9sie populaire, entre techniques d\u2019expression et objectifs de d\u00e9nonciation\u00bb, que la po\u00e9sie populaire alg\u00e9rienne a accompagn\u00e9 le peuple \u00e0 exprimer ses espoirs dans sa r\u00e9volution et autres domaines, soutenant que\u00a0 la po\u00e9sie populaire alg\u00e9rienne ne se d\u00e9marque pas de la po\u00e9sie classique dans ses dimensions et ses objectifs.\u00a0<br \/>Abordant d\u2019autres styles litt\u00e9raires populaires en Alg\u00e9rie, il a soulign\u00e9 qu&rsquo;ils expriment avec r\u00e9alit\u00e9 la richesse culturelle et artistique que rec\u00e8le notre pays.\u00a0<br \/>Pour sa part, Slimane Achrati du centre universitaire d\u2019El-Bayadh, qui a anim\u00e9 une communication sur l\u2019hymne national\u00a0 Qassaman, a soulign\u00e9 que cet\u00a0 hymne traduit les aspirations du peuple \u00e0 une vie digne et \u00e0 recouvrer sa dignit\u00e9 humaine.\u00a0<br \/>Au passage, il a indiqu\u00e9 que Moufdi Zakaria exprime, \u00e0 travers cet hymne, l\u2019existence du peuple et sa lutte pour mettre un terme \u00e0 une colonisation d&rsquo;un si\u00e8cle et demi. L\u2019assistance a suivi lors de la premi\u00e8re journ\u00e9e de ce congr\u00e8s des communications sur le discours po\u00e9tique alg\u00e9rien, les formes de styles culturels dans le discours critique alg\u00e9rien et celui de la fiction scientifique dans la litt\u00e9rature alg\u00e9rienne.\u00a0<br \/>Ce congr\u00e8s se poursuivra mercredi avec des communications traitant, entre autres, des perspectives et enjeux du discours po\u00e9tique f\u00e9minin au troisi\u00e8me mill\u00e9naire, du roman alg\u00e9rien et des formes d\u2019expression. Cette rencontre internationale de trois jours enregistre la participation d\u2019universitaires du pays et de chercheurs venus de Tunisie et de France.\u00a0\u00a0<\/p>\n<p>Auteur:<br \/>\n<a href=\"https:\/\/www.lesoirdalgerie.com\/culture\/la-poesie-algerienne-a-accompagne-le-peuple-dans-ses-aspirations-et-ses-espoirs-22951\">Cliquez ici pour lire l&rsquo;article depuis sa source.<\/a><\/p>\n","protected":false},"excerpt":{"rendered":"<p>Les participants au 1er Congr\u00e8s international sur les formes d\u2019expression dans les discours alg\u00e9riens contemporains, organis\u00e9\u00a0 par l\u2019universit\u00e9 d\u2019Oran 1 Ahmed-Zabana, ont affirm\u00e9 que la po\u00e9sie alg\u00e9rienne a accompagn\u00e9 le peuple dans ses aspirations et ses espoirs.\u00a0Mekki Derrari de l\u2019universit\u00e9d\u2019Oran 1 a soulign\u00e9, dans une communication sur \u00abla po\u00e9sie populaire, entre techniques d\u2019expression et objectifs [&hellip;]<\/p>\n","protected":false},"author":1741,"featured_media":0,"comment_status":"closed","ping_status":"closed","sticky":false,"template":"","format":"standard","meta":{"fifu_image_url":"","fifu_image_alt":"","footnotes":""},"categories":[73,53],"tags":[],"class_list":["post-30673","post","type-post","status-publish","format-standard","hentry","category-actualite","category-algerie"],"_links":{"self":[{"href":"https:\/\/linitiative.ca\/International\/wp-json\/wp\/v2\/posts\/30673","targetHints":{"allow":["GET"]}}],"collection":[{"href":"https:\/\/linitiative.ca\/International\/wp-json\/wp\/v2\/posts"}],"about":[{"href":"https:\/\/linitiative.ca\/International\/wp-json\/wp\/v2\/types\/post"}],"author":[{"embeddable":true,"href":"https:\/\/linitiative.ca\/International\/wp-json\/wp\/v2\/users\/1741"}],"replies":[{"embeddable":true,"href":"https:\/\/linitiative.ca\/International\/wp-json\/wp\/v2\/comments?post=30673"}],"version-history":[{"count":0,"href":"https:\/\/linitiative.ca\/International\/wp-json\/wp\/v2\/posts\/30673\/revisions"}],"wp:attachment":[{"href":"https:\/\/linitiative.ca\/International\/wp-json\/wp\/v2\/media?parent=30673"}],"wp:term":[{"taxonomy":"category","embeddable":true,"href":"https:\/\/linitiative.ca\/International\/wp-json\/wp\/v2\/categories?post=30673"},{"taxonomy":"post_tag","embeddable":true,"href":"https:\/\/linitiative.ca\/International\/wp-json\/wp\/v2\/tags?post=30673"}],"curies":[{"name":"wp","href":"https:\/\/api.w.org\/{rel}","templated":true}]}}