{"id":30674,"date":"2019-04-27T06:00:00","date_gmt":"2019-04-27T10:00:00","guid":{"rendered":"https:\/\/linitiative.ca\/International\/les-miniaturistes-voient-grand\/"},"modified":"2019-04-27T06:00:00","modified_gmt":"2019-04-27T10:00:00","slug":"les-miniaturistes-voient-grand","status":"publish","type":"post","link":"https:\/\/linitiative.ca\/International\/les-miniaturistes-voient-grand\/","title":{"rendered":"Les miniaturistes voient grand !"},"content":{"rendered":"<p>Plac\u00e9 sous le slogan \u00abRythmes de miniatures alg\u00e9riennes, splendeurs et\u00a0 charmes\u00bb, le salon pr\u00e9sentera une centaine d\u2019\u0153uvres\u00a0 d\u2019art dont certaines ayant\u00a0 remport\u00e9 des prix internationaux. Ce rendez-vous culturel permettra aux visiteurs de d\u00e9couvrir, notamment, les nouvelles\u00a0 techniques utilis\u00e9es par des artistes, dans l\u2019art ancien de la miniature.<br \/>Dans le cadre du mois du Patrimoine,\u00a0 un Salon national des arts islamiques est pr\u00e9vu\u00a0 \u00e0 Tlemcen \u00e0 partir de demain dimanche\u00a0 28 avril.\u00a0\u00a0<br \/>Organis\u00e9e par le Centre des arts et des expositions de Tlemcen, \u00e0 la maison de la culture Abdelkader-Alloula, cette manifestation verra la participation de 26 artistes miniaturistes de Tlemcen, d\u2019Alger, de Skikda, Tissemsilt, Batna, M\u00e9d\u00e9a , M\u2019sila et Mostaganem, a indiqu\u00e9 le directeur de ce centre, Amine Boudefla.\u00a0<br \/>Plac\u00e9 sous le slogan \u00abRythmes de miniatures alg\u00e9riennes, splendeurs et charmes\u00bb, le salon pr\u00e9sentera une centaine d\u2019\u0153uvres\u00a0 d\u2019art dont certaines ayant remport\u00e9 des prix internationaux et d&rsquo;autres ont \u00e9t\u00e9 expos\u00e9es par leurs auteurs dans des concours nationaux d&rsquo;art de la miniature, a indiqu\u00e9 le directeur du Centre des arts et des expositions de Tlemcen.\u00a0<br \/>Ce rendez-vous culturel permettra aux visiteurs de d\u00e9couvrir, notamment,\u00a0 les nouvelles techniques utilis\u00e9es par des artistes dans leurs tableaux sur des th\u00e8mes comme la paix dans le monde,\u00a0 la femme, la citoyennet\u00e9 ou les valeurs de l&rsquo;islam, soulignent les organisateurs.<br \/>En marge du salon, il est en outre pr\u00e9vu une conf\u00e9rence sur les perspectives des arts appliqu\u00e9s en Alg\u00e9rie (miniature, enluminure et la calligraphie). Des ateliers seront anim\u00e9s par des artistes participant au salon, au profit d&rsquo;\u00e9l\u00e8ves de l\u2019annexe de l\u2019Ecole des beaux-arts de Tlemcen afin de leur enseigner les\u00a0 techniques appliqu\u00e9es dans l\u2019art de la miniature.<br \/>Le Salon national d&rsquo;arts islamiques de\u00a0 Tlemcen qui ouvrira ses portes\u00a0 demain, restera jusqu\u2019au 18 mai 2019.<br \/>Le mois du Patrimoine se d\u00e9roule chaque ann\u00e9e du 18 avril au 18 mai. Un grand nombre d\u2019activit\u00e9s en relation avec le patrimoine figurent dans son programme.<br \/>Kader B.<\/p>\n<p>Auteur:<br \/>\n<a href=\"https:\/\/www.lesoirdalgerie.com\/culture\/les-miniaturistes-voient-grand-22950\">Cliquez ici pour lire l&rsquo;article depuis sa source.<\/a><\/p>\n","protected":false},"excerpt":{"rendered":"<p>Plac\u00e9 sous le slogan \u00abRythmes de miniatures alg\u00e9riennes, splendeurs et\u00a0 charmes\u00bb, le salon pr\u00e9sentera une centaine d\u2019\u0153uvres\u00a0 d\u2019art dont certaines ayant\u00a0 remport\u00e9 des prix internationaux. Ce rendez-vous culturel permettra aux visiteurs de d\u00e9couvrir, notamment, les nouvelles\u00a0 techniques utilis\u00e9es par des artistes, dans l\u2019art ancien de la miniature.Dans le cadre du mois du Patrimoine,\u00a0 un Salon [&hellip;]<\/p>\n","protected":false},"author":1741,"featured_media":0,"comment_status":"closed","ping_status":"closed","sticky":false,"template":"","format":"standard","meta":{"fifu_image_url":"","fifu_image_alt":"","footnotes":""},"categories":[73,53],"tags":[],"class_list":["post-30674","post","type-post","status-publish","format-standard","hentry","category-actualite","category-algerie"],"_links":{"self":[{"href":"https:\/\/linitiative.ca\/International\/wp-json\/wp\/v2\/posts\/30674","targetHints":{"allow":["GET"]}}],"collection":[{"href":"https:\/\/linitiative.ca\/International\/wp-json\/wp\/v2\/posts"}],"about":[{"href":"https:\/\/linitiative.ca\/International\/wp-json\/wp\/v2\/types\/post"}],"author":[{"embeddable":true,"href":"https:\/\/linitiative.ca\/International\/wp-json\/wp\/v2\/users\/1741"}],"replies":[{"embeddable":true,"href":"https:\/\/linitiative.ca\/International\/wp-json\/wp\/v2\/comments?post=30674"}],"version-history":[{"count":0,"href":"https:\/\/linitiative.ca\/International\/wp-json\/wp\/v2\/posts\/30674\/revisions"}],"wp:attachment":[{"href":"https:\/\/linitiative.ca\/International\/wp-json\/wp\/v2\/media?parent=30674"}],"wp:term":[{"taxonomy":"category","embeddable":true,"href":"https:\/\/linitiative.ca\/International\/wp-json\/wp\/v2\/categories?post=30674"},{"taxonomy":"post_tag","embeddable":true,"href":"https:\/\/linitiative.ca\/International\/wp-json\/wp\/v2\/tags?post=30674"}],"curies":[{"name":"wp","href":"https:\/\/api.w.org\/{rel}","templated":true}]}}