{"id":30675,"date":"2019-04-27T06:00:00","date_gmt":"2019-04-27T10:00:00","guid":{"rendered":"https:\/\/linitiative.ca\/International\/tarte-au-thon\/"},"modified":"2019-04-27T06:00:00","modified_gmt":"2019-04-27T10:00:00","slug":"tarte-au-thon","status":"publish","type":"post","link":"https:\/\/linitiative.ca\/International\/tarte-au-thon\/","title":{"rendered":"Tarte au thon"},"content":{"rendered":"<p><em><strong>Une p\u00e2te \u00e0 tarte, moutarde, une bo\u00eete de thon \u00e0 l\u2019huile en miettes, gruy\u00e8re r\u00e2p\u00e9, quatre tomates, cr\u00e8me fra\u00eeche \u00e9paisse, poivre\u00a0<\/strong><\/em><\/p>\n<p>Faire une p\u00e2te \u00e0 tarte (bris\u00e9e ou feuillet\u00e9e) et foncer un plat beurr\u00e9 ou huil\u00e9. Couvrir le fond de la p\u00e2te d&rsquo;une couche de moutarde. Emietter le thon et l&rsquo;\u00e9taler sur la moutarde. Recouvrir le thon de gruy\u00e8re r\u00e2p\u00e9. Couper les tomates en rondelles et les disposer c\u00f4te \u00e0 c\u00f4te sur la couche de gruy\u00e8re pour recouvrir celui-ci. Poser ensuite une petite cuiller\u00e9e de cr\u00e8me fra\u00eeche \u00e9paisse sur chaque rondelle de tomate et ajouter un peu de gruy\u00e8re pour faire dorer la tarte. Faire quelques tours de moulin \u00e0 poivre et enfourner \u00e0 180\u00b0C pendant une vingtaine de minutes. Servir chaud.<\/p>\n<p>Auteur:<br \/>\n<a href=\"https:\/\/www.lesoirdalgerie.com\/femme-magazine\/tarte-au-thon-22949\">Cliquez ici pour lire l&rsquo;article depuis sa source.<\/a><\/p>\n","protected":false},"excerpt":{"rendered":"<p>Une p\u00e2te \u00e0 tarte, moutarde, une bo\u00eete de thon \u00e0 l\u2019huile en miettes, gruy\u00e8re r\u00e2p\u00e9, quatre tomates, cr\u00e8me fra\u00eeche \u00e9paisse, poivre\u00a0 Faire une p\u00e2te \u00e0 tarte (bris\u00e9e ou feuillet\u00e9e) et foncer un plat beurr\u00e9 ou huil\u00e9. Couvrir le fond de la p\u00e2te d&rsquo;une couche de moutarde. Emietter le thon et l&rsquo;\u00e9taler sur la moutarde. Recouvrir [&hellip;]<\/p>\n","protected":false},"author":1741,"featured_media":0,"comment_status":"closed","ping_status":"closed","sticky":false,"template":"","format":"standard","meta":{"fifu_image_url":"","fifu_image_alt":"","footnotes":""},"categories":[73,53],"tags":[],"class_list":["post-30675","post","type-post","status-publish","format-standard","hentry","category-actualite","category-algerie"],"_links":{"self":[{"href":"https:\/\/linitiative.ca\/International\/wp-json\/wp\/v2\/posts\/30675","targetHints":{"allow":["GET"]}}],"collection":[{"href":"https:\/\/linitiative.ca\/International\/wp-json\/wp\/v2\/posts"}],"about":[{"href":"https:\/\/linitiative.ca\/International\/wp-json\/wp\/v2\/types\/post"}],"author":[{"embeddable":true,"href":"https:\/\/linitiative.ca\/International\/wp-json\/wp\/v2\/users\/1741"}],"replies":[{"embeddable":true,"href":"https:\/\/linitiative.ca\/International\/wp-json\/wp\/v2\/comments?post=30675"}],"version-history":[{"count":0,"href":"https:\/\/linitiative.ca\/International\/wp-json\/wp\/v2\/posts\/30675\/revisions"}],"wp:attachment":[{"href":"https:\/\/linitiative.ca\/International\/wp-json\/wp\/v2\/media?parent=30675"}],"wp:term":[{"taxonomy":"category","embeddable":true,"href":"https:\/\/linitiative.ca\/International\/wp-json\/wp\/v2\/categories?post=30675"},{"taxonomy":"post_tag","embeddable":true,"href":"https:\/\/linitiative.ca\/International\/wp-json\/wp\/v2\/tags?post=30675"}],"curies":[{"name":"wp","href":"https:\/\/api.w.org\/{rel}","templated":true}]}}