{"id":30684,"date":"2019-04-27T10:22:44","date_gmt":"2019-04-27T14:22:44","guid":{"rendered":"https:\/\/linitiative.ca\/International\/le-crepuscule-des-partis-politiques\/"},"modified":"2019-04-27T10:22:44","modified_gmt":"2019-04-27T14:22:44","slug":"le-crepuscule-des-partis-politiques","status":"publish","type":"post","link":"https:\/\/linitiative.ca\/International\/le-crepuscule-des-partis-politiques\/","title":{"rendered":"Le cr\u00e9puscule des partis politiques"},"content":{"rendered":"<p class=\"p1\">Bagarres au Parlement et dans les r\u00e9unions, communication d\u00e9risoire autour des sujets d\u2019actualit\u00e9, la classe politique est au fond du trou et\u2026 elle continue \u00e0 creuser. <span class=\"Apple-converted-space\">\u00a0\u00a0<\/span><\/p>\n<div class=\"c10\"\/>\n<p class=\"p1\">L\u2019auteur de ces lignes a toujours refus\u00e9 de participer au lynchage des partis politiques. Mais la mission devient impossible parce que la classe politique est en dessous de tout. La derni\u00e8re s\u00e9quence, celle des violences dans l\u2019enceinte du Parlement et lors de la r\u00e9union de la direction de l\u2019un des partis les plus importants fait le buzz. Ce n\u2019est pas pour aider \u00e0 une image de respectabilit\u00e9.<\/p>\n<p class=\"p2\"><span class=\"s1\">Le drame, c\u2019est qu\u2019il est impossible de construire une v\u00e9ritable d\u00e9mocratie sans d\u00e9mocrates organis\u00e9s. La d\u00e9mocratie repr\u00e9sentative n\u2019a pas trouv\u00e9 mieux que les partis politiques pour organiser la comp\u00e9tition, l\u2019alternance, le d\u00e9bat public. Les partis politiques, chacun selon un r\u00e9f\u00e9rentiel \u00e9tabli, encadre la population autour de ses propositions sur les sujets qui int\u00e9ressent la soci\u00e9t\u00e9, formulant un projet et esp\u00e9rant r\u00e9unir une majorit\u00e9 autour, aux \u00e9ch\u00e9ances \u00e9lectorales. C\u2019est le r\u00f4le que la constitution assigne aux partis et c\u2019est ce qui justifie le financement public de ces organisations pour qu\u2019elles puissent concourir \u00e0 la d\u00e9mocratie sans d\u00e9pendre des forces de l\u2019argent. Qu\u2019en est-il chez nous ? C\u2019est le vide absolu.<\/span><\/p>\n<h2>\u00ab\u00a0I<span class=\"s1\">l est impossible de construire une v\u00e9ritable d\u00e9mocratie sans d\u00e9mocrates organis\u00e9s\u00a0\u00bb<\/span><\/h2>\n<p class=\"p2\"><span class=\"s1\">Les enseignants contractuels sont en gr\u00e8ve depuis six semaines. Ind\u00e9pendamment de la gestion gouvernementale de cette crise catastrophique par bien des aspects, o\u00f9 sont les partis ? Aucun parti repr\u00e9sent\u00e9 au Parlement n\u2019a de pr\u00e9sence \u00e0 l\u2019int\u00e9rieur de ce mouvement alors qu\u2019il s\u2019agit tout de m\u00eame de 70 000 personnes. Aucune initiative pour trouver une issue \u00e0 ce conflit et sauver l\u2019ann\u00e9e scolaire de centaines de milliers d\u2019\u00e9l\u00e8ves n\u2019est \u00e0 noter. Nous n\u2019avons m\u00eame pas droit \u00e0 des positions clairement expos\u00e9es sur la cr\u00e9ation en marche d\u2019une fonction publique territoriale.<\/span><\/p>\n<p class=\"p2\"><span class=\"s1\">Les partis politiques doivent encadrer la population. Ils sont tenus de par la loi \u00e0 s\u2019exprimer sur les sujets d\u2019actualit\u00e9, \u00e0 d\u00e9fendre leurs positions par la communication mais aussi par les r\u00e9unions publiques, les meetings. C\u2019est le vide sid\u00e9ral. Le r\u00e9sultat c\u2019est que les Marocains n\u2019accordent plus aucune cr\u00e9dibilit\u00e9 \u00e0 la classe politique dans sa grande majorit\u00e9. Du coup, ce sont les institutions repr\u00e9sentatives, le Parlement, les \u00e9lus, les municipalit\u00e9s qui n\u2019ont aucune adh\u00e9sion populaire. Le nombre de citoyens non inscrits sur les listes \u00e9lectorales ; l\u2019abstention et les bulletins blancs, comptabilis\u00e9s ensemble montrent que 80% des citoyens majeurs ne croient pas dans la construction d\u00e9mocratique.<\/span><\/p>\n<p class=\"p2\"><span class=\"s1\">Cela ne veut pas dire qu\u2019ils ne sont pas attach\u00e9s \u00e0 l\u2019id\u00e9e d\u00e9mocratique et c\u2019est l\u00e0 le paradoxe. Jamais la libert\u00e9 d\u2019expression n\u2019a \u00e9t\u00e9 aussi sacralis\u00e9e dans notre pays, la moindre atteinte cr\u00e9e une mobilisation tr\u00e8s forte. Les d\u00e9bats sur le net partent dans tous les sens mais donnent une v\u00e9ritable image des pr\u00e9occupations de la soci\u00e9t\u00e9. Des id\u00e9es tr\u00e8s originales et potentiellement pouvant solutionner des probl\u00e9matiques circulent. Mais les partis n\u2019en ont cure , ils attendent les \u00e9lections pour r\u00e9nover le contact et esp\u00e9rer des si\u00e8ges.<\/span><\/p>\n<p class=\"p2\"><span class=\"s1\">S\u2019il n\u2019y a pas un r\u00e9veil s\u00e9rieux, c\u2019est la stabilit\u00e9 du pays qui sera mise en danger. Il n\u2019est pas possible d\u2019imaginer la solution de la question sociale avec un gouvernement inaudible et un Parlement sans cr\u00e9dibilit\u00e9. Sinon il faut appliquer la constitution, dissoudre et cr\u00e9er un \u00e9tat de choc qui pourra \u00eatre salutaire. Continuer ainsi c\u2019est aller dans le mur en klaxonnant. Le vrai patriotisme c\u2019est de le dire publiquement.\u00a0<\/span><\/p>\n<div class=\"c17\">\n<fieldset class=\"c16\">\n<legend><strong><span class=\"c11\">Challenge<\/span><span class=\"c12\">news<\/span><\/strong><\/legend>\n<div class=\"c15\">Le meilleur de la r\u00e9daction s\u00e9lectionn\u00e9 par Challenge :<\/p>\n<\/div>\n<\/fieldset>\n<\/div>\n<p>Auteur: Jamal Berraoui<br \/>\n<a href=\"https:\/\/www.challenge.ma\/le-crepuscule-des-partis-politiques-108379\/\">Cliquez ici pour lire l&rsquo;article depuis sa source.<\/a><\/p>\n","protected":false},"excerpt":{"rendered":"<p>Bagarres au Parlement et dans les r\u00e9unions, communication d\u00e9risoire autour des sujets d\u2019actualit\u00e9, la classe politique est au fond du trou et\u2026 elle continue \u00e0 creuser. \u00a0\u00a0 L\u2019auteur de ces lignes a toujours refus\u00e9 de participer au lynchage des partis politiques. Mais la mission devient impossible parce que la classe politique est en dessous de [&hellip;]<\/p>\n","protected":false},"author":1787,"featured_media":0,"comment_status":"closed","ping_status":"closed","sticky":false,"template":"","format":"standard","meta":{"fifu_image_url":"","fifu_image_alt":"","footnotes":""},"categories":[78,54],"tags":[],"class_list":["post-30684","post","type-post","status-publish","format-standard","hentry","category-economie","category-maroc"],"_links":{"self":[{"href":"https:\/\/linitiative.ca\/International\/wp-json\/wp\/v2\/posts\/30684","targetHints":{"allow":["GET"]}}],"collection":[{"href":"https:\/\/linitiative.ca\/International\/wp-json\/wp\/v2\/posts"}],"about":[{"href":"https:\/\/linitiative.ca\/International\/wp-json\/wp\/v2\/types\/post"}],"author":[{"embeddable":true,"href":"https:\/\/linitiative.ca\/International\/wp-json\/wp\/v2\/users\/1787"}],"replies":[{"embeddable":true,"href":"https:\/\/linitiative.ca\/International\/wp-json\/wp\/v2\/comments?post=30684"}],"version-history":[{"count":0,"href":"https:\/\/linitiative.ca\/International\/wp-json\/wp\/v2\/posts\/30684\/revisions"}],"wp:attachment":[{"href":"https:\/\/linitiative.ca\/International\/wp-json\/wp\/v2\/media?parent=30684"}],"wp:term":[{"taxonomy":"category","embeddable":true,"href":"https:\/\/linitiative.ca\/International\/wp-json\/wp\/v2\/categories?post=30684"},{"taxonomy":"post_tag","embeddable":true,"href":"https:\/\/linitiative.ca\/International\/wp-json\/wp\/v2\/tags?post=30684"}],"curies":[{"name":"wp","href":"https:\/\/api.w.org\/{rel}","templated":true}]}}