{"id":30685,"date":"2019-04-27T09:03:32","date_gmt":"2019-04-27T13:03:32","guid":{"rendered":"https:\/\/linitiative.ca\/International\/tunisie-slim-azzabi-rend-hommage-aux-ouvrieres-agricoles-decedees-et-au-soldat-martyr-dhier\/"},"modified":"2019-04-27T09:03:32","modified_gmt":"2019-04-27T13:03:32","slug":"tunisie-slim-azzabi-rend-hommage-aux-ouvrieres-agricoles-decedees-et-au-soldat-martyr-dhier","status":"publish","type":"post","link":"https:\/\/linitiative.ca\/International\/tunisie-slim-azzabi-rend-hommage-aux-ouvrieres-agricoles-decedees-et-au-soldat-martyr-dhier\/","title":{"rendered":"Tunisie \u2013 Slim Azzabi rend hommage aux ouvri\u00e8res agricoles d\u00e9c\u00e9d\u00e9es et au soldat martyr d\u2019hier"},"content":{"rendered":"<div class=\"post-cont-in left relative\">\n<p>Le leader au sein du parti Tahya Tounes, Slim Azzabi a tenu, en ouverture du congr\u00e8s du parti qui se tient aujourd\u2019hui et demain, \u00e0 t\u00e9moigner de sa tristesse et sa d\u00e9solation pour les femmes ouvri\u00e8res agricoles d\u00e9c\u00e9d\u00e9es, ce matin \u00e0 Sidi Bouzid, comme il a tenu \u00e0 rendre hommage au soldat tomb\u00e9 en martyr, hier \u00e0 la suite de l\u2019explosion d\u2019une mine sur le mont Cha\u00e2mbi.<\/p>\n<p>Azzabi a t\u00e9moign\u00e9 sa sympathie aux parents de toutes ces victimes innocentes, pr\u00e9cisant que l\u2019importance des travaux du congr\u00e8s ne doivent pas voiler, ou faire oublier les vies des tunisiens et tunisiennes perdues.<\/p>\n<div class=\"code-block code-block-1 c3\"><ins class=\"adsbygoogle c2\" data-ad-layout=\"in-article\" data-ad-format=\"fluid\" data-ad-client=\"ca-pub-2102118777505746\" data-ad-slot=\"7301775417\"\/> <\/div>\n<div class=\"mvp-org-wrap mvp-org-logo\" itemprop=\"publisher\" itemscope=\"\" itemtype=\"https:\/\/schema.org\/Organization\"><img decoding=\"async\" src=\"https:\/\/www.tunisienumerique.com\/wp-content\/uploads\/2017\/02\/logo_tunisie_numerique.png\"\/><\/div>\n<div class=\"mvp-related-posts left relative\">\n<h4 class=\"post-header\"><span class=\"post-header\">Lire aussi<\/span><\/h4>\n<\/div>\n<\/div>\n<p>Auteur: LM<br \/>\n<a href=\"https:\/\/www.tunisienumerique.com\/tunisie-slim-azzabi-rend-hommage-aux-ouvrieres-agricoles-decedees-et-au-soldat-martyr-dhier\/\">Cliquez ici pour lire l&rsquo;article depuis sa source.<\/a><\/p>\n","protected":false},"excerpt":{"rendered":"<p>Le leader au sein du parti Tahya Tounes, Slim Azzabi a tenu, en ouverture du congr\u00e8s du parti qui se tient aujourd\u2019hui et demain, \u00e0 t\u00e9moigner de sa tristesse et sa d\u00e9solation pour les femmes ouvri\u00e8res agricoles d\u00e9c\u00e9d\u00e9es, ce matin \u00e0 Sidi Bouzid, comme il a tenu \u00e0 rendre hommage au soldat tomb\u00e9 en martyr, [&hellip;]<\/p>\n","protected":false},"author":1789,"featured_media":30686,"comment_status":"closed","ping_status":"closed","sticky":false,"template":"","format":"standard","meta":{"fifu_image_url":"","fifu_image_alt":"","footnotes":""},"categories":[73,55],"tags":[],"class_list":["post-30685","post","type-post","status-publish","format-standard","has-post-thumbnail","hentry","category-actualite","category-tunisie"],"_links":{"self":[{"href":"https:\/\/linitiative.ca\/International\/wp-json\/wp\/v2\/posts\/30685","targetHints":{"allow":["GET"]}}],"collection":[{"href":"https:\/\/linitiative.ca\/International\/wp-json\/wp\/v2\/posts"}],"about":[{"href":"https:\/\/linitiative.ca\/International\/wp-json\/wp\/v2\/types\/post"}],"author":[{"embeddable":true,"href":"https:\/\/linitiative.ca\/International\/wp-json\/wp\/v2\/users\/1789"}],"replies":[{"embeddable":true,"href":"https:\/\/linitiative.ca\/International\/wp-json\/wp\/v2\/comments?post=30685"}],"version-history":[{"count":0,"href":"https:\/\/linitiative.ca\/International\/wp-json\/wp\/v2\/posts\/30685\/revisions"}],"wp:featuredmedia":[{"embeddable":true,"href":"https:\/\/linitiative.ca\/International\/wp-json\/"}],"wp:attachment":[{"href":"https:\/\/linitiative.ca\/International\/wp-json\/wp\/v2\/media?parent=30685"}],"wp:term":[{"taxonomy":"category","embeddable":true,"href":"https:\/\/linitiative.ca\/International\/wp-json\/wp\/v2\/categories?post=30685"},{"taxonomy":"post_tag","embeddable":true,"href":"https:\/\/linitiative.ca\/International\/wp-json\/wp\/v2\/tags?post=30685"}],"curies":[{"name":"wp","href":"https:\/\/api.w.org\/{rel}","templated":true}]}}