{"id":30687,"date":"2019-04-27T09:20:44","date_gmt":"2019-04-27T13:20:44","guid":{"rendered":"https:\/\/linitiative.ca\/International\/tunisie-sonia-ben-cheikh-au-chevet-des-blesses-de-laccident-de-sebbala-hospitalises-a-lhopital-sahloul\/"},"modified":"2019-04-27T09:20:44","modified_gmt":"2019-04-27T13:20:44","slug":"tunisie-sonia-ben-cheikh-au-chevet-des-blesses-de-laccident-de-sebbala-hospitalises-a-lhopital-sahloul","status":"publish","type":"post","link":"https:\/\/linitiative.ca\/International\/tunisie-sonia-ben-cheikh-au-chevet-des-blesses-de-laccident-de-sebbala-hospitalises-a-lhopital-sahloul\/","title":{"rendered":"Tunisie \u2013 Sonia Ben Cheikh au chevet des bless\u00e9s de l\u2019accident de Sebbala, hospitalis\u00e9s \u00e0 l\u2019h\u00f4pital Sahloul"},"content":{"rendered":"<div class=\"post-cont-in left relative\">\n<p>La ministre de la Sant\u00e9 par int\u00e9rim, Sonia Ben Cheikh s\u2019est d\u00e9plac\u00e9e, ce samedi matin, \u00e0 l\u2019h\u00f4pital universitaire de Sahloul \u00e0 Sousse, pour s\u2019enqu\u00e9rir de l\u2019\u00e9tat de sant\u00e9 des bless\u00e9s de l\u2019accident de Sebbala qui y avaient \u00e9t\u00e9 transf\u00e9r\u00e9s.<\/p>\n<p>Elle a donn\u00e9 ses consignes pour une prise en charge optimale au profit de ces victimes et pour leur accompagnement psychologique, ainsi que les membres de leurs familles.<\/p>\n<div class=\"code-block code-block-1 c3\"><ins class=\"adsbygoogle c2\" data-ad-layout=\"in-article\" data-ad-format=\"fluid\" data-ad-client=\"ca-pub-2102118777505746\" data-ad-slot=\"7301775417\"\/> <\/div>\n<p>L\u2019h\u00f4pital Sahloul a accueilli trois bless\u00e9s: deux jeunes hommes de vingt ans et une fillette d\u2019\u00e0 peine 12 ans. Leur \u00e9tat a \u00e9t\u00e9 jug\u00e9 stationnaire par le staff de l\u2019h\u00f4pital.<\/p>\n<div class=\"mvp-org-wrap mvp-org-logo\" itemprop=\"publisher\" itemscope=\"\" itemtype=\"https:\/\/schema.org\/Organization\"><img decoding=\"async\" src=\"https:\/\/www.tunisienumerique.com\/wp-content\/uploads\/2017\/02\/logo_tunisie_numerique.png\"\/><\/div>\n<div class=\"mvp-related-posts left relative\">\n<h4 class=\"post-header\"><span class=\"post-header\">Lire aussi<\/span><\/h4>\n<\/div>\n<\/div>\n<p>Auteur: LM<br \/>\n<a href=\"https:\/\/www.tunisienumerique.com\/tunisie-sonia-ben-cheikh-au-chevet-des-blesses-de-laccident-de-sebbala-hospitalises-a-lhopital-sahloul\/\">Cliquez ici pour lire l&rsquo;article depuis sa source.<\/a><\/p>\n","protected":false},"excerpt":{"rendered":"<p>La ministre de la Sant\u00e9 par int\u00e9rim, Sonia Ben Cheikh s\u2019est d\u00e9plac\u00e9e, ce samedi matin, \u00e0 l\u2019h\u00f4pital universitaire de Sahloul \u00e0 Sousse, pour s\u2019enqu\u00e9rir de l\u2019\u00e9tat de sant\u00e9 des bless\u00e9s de l\u2019accident de Sebbala qui y avaient \u00e9t\u00e9 transf\u00e9r\u00e9s. Elle a donn\u00e9 ses consignes pour une prise en charge optimale au profit de ces victimes [&hellip;]<\/p>\n","protected":false},"author":1789,"featured_media":30688,"comment_status":"closed","ping_status":"closed","sticky":false,"template":"","format":"standard","meta":{"fifu_image_url":"","fifu_image_alt":"","footnotes":""},"categories":[73,55],"tags":[],"class_list":["post-30687","post","type-post","status-publish","format-standard","has-post-thumbnail","hentry","category-actualite","category-tunisie"],"_links":{"self":[{"href":"https:\/\/linitiative.ca\/International\/wp-json\/wp\/v2\/posts\/30687","targetHints":{"allow":["GET"]}}],"collection":[{"href":"https:\/\/linitiative.ca\/International\/wp-json\/wp\/v2\/posts"}],"about":[{"href":"https:\/\/linitiative.ca\/International\/wp-json\/wp\/v2\/types\/post"}],"author":[{"embeddable":true,"href":"https:\/\/linitiative.ca\/International\/wp-json\/wp\/v2\/users\/1789"}],"replies":[{"embeddable":true,"href":"https:\/\/linitiative.ca\/International\/wp-json\/wp\/v2\/comments?post=30687"}],"version-history":[{"count":0,"href":"https:\/\/linitiative.ca\/International\/wp-json\/wp\/v2\/posts\/30687\/revisions"}],"wp:featuredmedia":[{"embeddable":true,"href":"https:\/\/linitiative.ca\/International\/wp-json\/"}],"wp:attachment":[{"href":"https:\/\/linitiative.ca\/International\/wp-json\/wp\/v2\/media?parent=30687"}],"wp:term":[{"taxonomy":"category","embeddable":true,"href":"https:\/\/linitiative.ca\/International\/wp-json\/wp\/v2\/categories?post=30687"},{"taxonomy":"post_tag","embeddable":true,"href":"https:\/\/linitiative.ca\/International\/wp-json\/wp\/v2\/tags?post=30687"}],"curies":[{"name":"wp","href":"https:\/\/api.w.org\/{rel}","templated":true}]}}