{"id":30695,"date":"2019-04-27T14:22:14","date_gmt":"2019-04-27T18:22:14","guid":{"rendered":"https:\/\/linitiative.ca\/International\/tunisie-urgent-une-autre-camionnette-transportant-des-ouvrieres-agricoles-se-renverse-a-kasserine\/"},"modified":"2019-04-27T14:22:14","modified_gmt":"2019-04-27T18:22:14","slug":"tunisie-urgent-une-autre-camionnette-transportant-des-ouvrieres-agricoles-se-renverse-a-kasserine","status":"publish","type":"post","link":"https:\/\/linitiative.ca\/International\/tunisie-urgent-une-autre-camionnette-transportant-des-ouvrieres-agricoles-se-renverse-a-kasserine\/","title":{"rendered":"Tunisie\u00a0: URGENT\u00a0: Une autre camionnette transportant des ouvri\u00e8res agricoles se renverse \u00e0 Kasserine"},"content":{"rendered":"<div class=\"post-cont-in left relative\">\n<p>Selon plusieurs sites d\u2019information concordants, un deuxi\u00e8me accident vient de se produire dans la r\u00e9gion de Foussana,\u00a0\u00e0 Kasserine. Une camionnette transportant 15 ouvri\u00e8res agricoles qui rentraient des champs, s\u2019est renvers\u00e9e au niveau de la localit\u00e9 d\u2019A\u00efn Amara.<\/p>\n<p>L\u2019accident s\u2019est sold\u00e9 par la blessure de nombreuses ouvri\u00e8res dont quelques unes souffriraient de fractures.<\/p>\n<div class=\"code-block code-block-1 c3\"><ins class=\"adsbygoogle c2\" data-ad-layout=\"in-article\" data-ad-format=\"fluid\" data-ad-client=\"ca-pub-2102118777505746\" data-ad-slot=\"7301775417\"\/> <\/div>\n<p>Elles ont \u00e9t\u00e9 transport\u00e9es \u00e0 l\u2019h\u00f4pital r\u00e9gional de Kasserine.<\/p>\n<div class=\"mvp-org-wrap mvp-org-logo\" itemprop=\"publisher\" itemscope=\"\" itemtype=\"https:\/\/schema.org\/Organization\"><img decoding=\"async\" src=\"https:\/\/www.tunisienumerique.com\/wp-content\/uploads\/2017\/02\/logo_tunisie_numerique.png\"\/><\/div>\n<div class=\"mvp-related-posts left relative\">\n<h4 class=\"post-header\"><span class=\"post-header\">Lire aussi<\/span><\/h4>\n<\/div>\n<\/div>\n<p>Auteur: LM<br \/>\n<a href=\"https:\/\/www.tunisienumerique.com\/tunisie-urgent-une-autre-camionnette-transportant-des-ouvrieres-agricoles-se-renverse-a-kasserine\/\">Cliquez ici pour lire l&rsquo;article depuis sa source.<\/a><\/p>\n","protected":false},"excerpt":{"rendered":"<p>Selon plusieurs sites d\u2019information concordants, un deuxi\u00e8me accident vient de se produire dans la r\u00e9gion de Foussana,\u00a0\u00e0 Kasserine. Une camionnette transportant 15 ouvri\u00e8res agricoles qui rentraient des champs, s\u2019est renvers\u00e9e au niveau de la localit\u00e9 d\u2019A\u00efn Amara. L\u2019accident s\u2019est sold\u00e9 par la blessure de nombreuses ouvri\u00e8res dont quelques unes souffriraient de fractures. Elles ont \u00e9t\u00e9 [&hellip;]<\/p>\n","protected":false},"author":1789,"featured_media":30696,"comment_status":"closed","ping_status":"closed","sticky":false,"template":"","format":"standard","meta":{"fifu_image_url":"","fifu_image_alt":"","footnotes":""},"categories":[73,55],"tags":[],"class_list":["post-30695","post","type-post","status-publish","format-standard","has-post-thumbnail","hentry","category-actualite","category-tunisie"],"_links":{"self":[{"href":"https:\/\/linitiative.ca\/International\/wp-json\/wp\/v2\/posts\/30695","targetHints":{"allow":["GET"]}}],"collection":[{"href":"https:\/\/linitiative.ca\/International\/wp-json\/wp\/v2\/posts"}],"about":[{"href":"https:\/\/linitiative.ca\/International\/wp-json\/wp\/v2\/types\/post"}],"author":[{"embeddable":true,"href":"https:\/\/linitiative.ca\/International\/wp-json\/wp\/v2\/users\/1789"}],"replies":[{"embeddable":true,"href":"https:\/\/linitiative.ca\/International\/wp-json\/wp\/v2\/comments?post=30695"}],"version-history":[{"count":0,"href":"https:\/\/linitiative.ca\/International\/wp-json\/wp\/v2\/posts\/30695\/revisions"}],"wp:featuredmedia":[{"embeddable":true,"href":"https:\/\/linitiative.ca\/International\/wp-json\/"}],"wp:attachment":[{"href":"https:\/\/linitiative.ca\/International\/wp-json\/wp\/v2\/media?parent=30695"}],"wp:term":[{"taxonomy":"category","embeddable":true,"href":"https:\/\/linitiative.ca\/International\/wp-json\/wp\/v2\/categories?post=30695"},{"taxonomy":"post_tag","embeddable":true,"href":"https:\/\/linitiative.ca\/International\/wp-json\/wp\/v2\/tags?post=30695"}],"curies":[{"name":"wp","href":"https:\/\/api.w.org\/{rel}","templated":true}]}}