{"id":30697,"date":"2019-04-27T14:39:37","date_gmt":"2019-04-27T18:39:37","guid":{"rendered":"https:\/\/linitiative.ca\/International\/tunisie-images-la-ministre-de-la-sante-au-chevet-des-blesses-a-lhopital-sidi-bouzid\/"},"modified":"2019-04-27T14:39:37","modified_gmt":"2019-04-27T18:39:37","slug":"tunisie-images-la-ministre-de-la-sante-au-chevet-des-blesses-a-lhopital-sidi-bouzid","status":"publish","type":"post","link":"https:\/\/linitiative.ca\/International\/tunisie-images-la-ministre-de-la-sante-au-chevet-des-blesses-a-lhopital-sidi-bouzid\/","title":{"rendered":"Tunisie\u00a0: IMAGES\u00a0: La ministre de la Sant\u00e9 au chevet des bless\u00e9s \u00e0 l\u2019h\u00f4pital Sidi Bouzid"},"content":{"rendered":"<div class=\"post-cont-in left relative\">\n<p>La ministre de la Sant\u00e9 par int\u00e9rim, Sonia Ben Cheikh s\u2019est rendue, cet apr\u00e8s midi \u00e0 l\u2019h\u00f4pital r\u00e9gional de Sidi Bouzid o\u00f9 elle a visit\u00e9 les patient bless\u00e9s dans l\u2019accident de Sebbala, ce matin. Elle a aussi tenu \u00e0 remercier et encourager l\u2019\u00e9quipe m\u00e9dicale et param\u00e9dicale de l\u2019h\u00f4pital pour leur mobilisation et leurs efforts.<\/p>\n<p>A ce propos, contrairement \u00e0 ce qui avait \u00e9t\u00e9 annonc\u00e9 par certains m\u00e9dias, Le service des urgences de l\u2019h\u00f4pital de Sidi Bouzid n\u2019\u00e9tait pas tenu par un seul m\u00e9decin. Il y avait, au moment de la r\u00e9ception des bless\u00e9s, selon les d\u00e9clarations du directeur de l\u2019h\u00f4pital (AUDIO), pas moins de quatre m\u00e9decins, qui \u00e9taient second\u00e9s par un chirurgien universitaire, ainsi que par un assistant hospitalo-universitaire en orthop\u00e9die et deux m\u00e9decins r\u00e9animateurs, en plus de tout le staff m\u00e9dical et param\u00e9dical qui a afflu\u00e9, spontan\u00e9ment, vers l\u2019h\u00f4pital, pour participer \u00e0 la prise en charge des accident\u00e9s. Le directeur de l\u2019\u00e9tablissement a ajout\u00e9 qu\u2019une psychologue est pr\u00e9sente sur les lieux, pour accompagner les bless\u00e9s et leurs parents.<\/p>\n<div class=\"code-block code-block-1 c3\"><ins class=\"adsbygoogle c2\" data-ad-layout=\"in-article\" data-ad-format=\"fluid\" data-ad-client=\"ca-pub-2102118777505746\" data-ad-slot=\"7301775417\"\/> <\/div>\n<p><a href=\"https:\/\/www.tunisienumerique.com\/wp-content\/uploads\/2019\/04\/directeur-delh%C3%B4pital-de-Sidi-Bouzid.mp3\">https:\/\/www.tunisienumerique.com\/wp-content\/uploads\/2019\/04\/directeur-delh\u00f4pital-de-Sidi-Bouzid.mp3<\/a><\/p>\n<p><img loading=\"lazy\" decoding=\"async\" class=\"aligncenter size-full wp-image-431058\" src=\"https:\/\/www.tunisienumerique.com\/wp-content\/uploads\/2019\/04\/sidi-bou1.jpg\" alt=\"\" width=\"960\" height=\"640\" srcset=\"https:\/\/www.tunisienumerique.com\/wp-content\/uploads\/2019\/04\/sidi-bou1.jpg 960w, https:\/\/www.tunisienumerique.com\/wp-content\/uploads\/2019\/04\/sidi-bou1-768x512.jpg 768w, https:\/\/www.tunisienumerique.com\/wp-content\/uploads\/2019\/04\/sidi-bou1-600x400.jpg 600w\" sizes=\"auto, (max-width: 960px) 100vw, 960px\"\/><img loading=\"lazy\" decoding=\"async\" class=\"aligncenter size-full wp-image-431059\" src=\"https:\/\/www.tunisienumerique.com\/wp-content\/uploads\/2019\/04\/sidi-bou2.jpg\" alt=\"\" width=\"960\" height=\"640\" srcset=\"https:\/\/www.tunisienumerique.com\/wp-content\/uploads\/2019\/04\/sidi-bou2.jpg 960w, https:\/\/www.tunisienumerique.com\/wp-content\/uploads\/2019\/04\/sidi-bou2-768x512.jpg 768w, https:\/\/www.tunisienumerique.com\/wp-content\/uploads\/2019\/04\/sidi-bou2-600x400.jpg 600w\" sizes=\"auto, (max-width: 960px) 100vw, 960px\"\/><\/p>\n<p><img loading=\"lazy\" decoding=\"async\" class=\"aligncenter size-full wp-image-431060\" src=\"https:\/\/www.tunisienumerique.com\/wp-content\/uploads\/2019\/04\/sidi-bou3.jpg\" alt=\"\" width=\"960\" height=\"640\" srcset=\"https:\/\/www.tunisienumerique.com\/wp-content\/uploads\/2019\/04\/sidi-bou3.jpg 960w, https:\/\/www.tunisienumerique.com\/wp-content\/uploads\/2019\/04\/sidi-bou3-768x512.jpg 768w, https:\/\/www.tunisienumerique.com\/wp-content\/uploads\/2019\/04\/sidi-bou3-600x400.jpg 600w\" sizes=\"auto, (max-width: 960px) 100vw, 960px\"\/><\/p>\n<p><img loading=\"lazy\" decoding=\"async\" class=\"aligncenter size-full wp-image-431061\" src=\"https:\/\/www.tunisienumerique.com\/wp-content\/uploads\/2019\/04\/sidi-bou4.jpg\" alt=\"\" width=\"960\" height=\"640\" srcset=\"https:\/\/www.tunisienumerique.com\/wp-content\/uploads\/2019\/04\/sidi-bou4.jpg 960w, https:\/\/www.tunisienumerique.com\/wp-content\/uploads\/2019\/04\/sidi-bou4-768x512.jpg 768w, https:\/\/www.tunisienumerique.com\/wp-content\/uploads\/2019\/04\/sidi-bou4-600x400.jpg 600w\" sizes=\"auto, (max-width: 960px) 100vw, 960px\"\/><\/p>\n<p><img loading=\"lazy\" decoding=\"async\" class=\"aligncenter size-full wp-image-431062\" src=\"https:\/\/www.tunisienumerique.com\/wp-content\/uploads\/2019\/04\/sidi-bou-5.jpg\" alt=\"\" width=\"960\" height=\"640\" srcset=\"https:\/\/www.tunisienumerique.com\/wp-content\/uploads\/2019\/04\/sidi-bou-5.jpg 960w, https:\/\/www.tunisienumerique.com\/wp-content\/uploads\/2019\/04\/sidi-bou-5-768x512.jpg 768w, https:\/\/www.tunisienumerique.com\/wp-content\/uploads\/2019\/04\/sidi-bou-5-600x400.jpg 600w\" sizes=\"auto, (max-width: 960px) 100vw, 960px\"\/><\/p>\n<div class=\"mvp-org-wrap mvp-org-logo\" itemprop=\"publisher\" itemscope=\"\" itemtype=\"https:\/\/schema.org\/Organization\"><img decoding=\"async\" src=\"https:\/\/www.tunisienumerique.com\/wp-content\/uploads\/2017\/02\/logo_tunisie_numerique.png\"\/><\/div>\n<div class=\"mvp-related-posts left relative\">\n<h4 class=\"post-header\"><span class=\"post-header\">Lire aussi<\/span><\/h4>\n<\/div>\n<\/div>\n<p>Auteur: LM<br \/>\n<a href=\"https:\/\/www.tunisienumerique.com\/tunisie-images-la-ministre-de-la-sante-au-chevet-des-blesses-a-lhopital-sidi-bouzid\/\">Cliquez ici pour lire l&rsquo;article depuis sa source.<\/a><\/p>\n","protected":false},"excerpt":{"rendered":"<p>La ministre de la Sant\u00e9 par int\u00e9rim, Sonia Ben Cheikh s\u2019est rendue, cet apr\u00e8s midi \u00e0 l\u2019h\u00f4pital r\u00e9gional de Sidi Bouzid o\u00f9 elle a visit\u00e9 les patient bless\u00e9s dans l\u2019accident de Sebbala, ce matin. Elle a aussi tenu \u00e0 remercier et encourager l\u2019\u00e9quipe m\u00e9dicale et param\u00e9dicale de l\u2019h\u00f4pital pour leur mobilisation et leurs efforts. A [&hellip;]<\/p>\n","protected":false},"author":1789,"featured_media":30698,"comment_status":"closed","ping_status":"closed","sticky":false,"template":"","format":"standard","meta":{"fifu_image_url":"","fifu_image_alt":"","footnotes":""},"categories":[73,55],"tags":[],"class_list":["post-30697","post","type-post","status-publish","format-standard","has-post-thumbnail","hentry","category-actualite","category-tunisie"],"_links":{"self":[{"href":"https:\/\/linitiative.ca\/International\/wp-json\/wp\/v2\/posts\/30697","targetHints":{"allow":["GET"]}}],"collection":[{"href":"https:\/\/linitiative.ca\/International\/wp-json\/wp\/v2\/posts"}],"about":[{"href":"https:\/\/linitiative.ca\/International\/wp-json\/wp\/v2\/types\/post"}],"author":[{"embeddable":true,"href":"https:\/\/linitiative.ca\/International\/wp-json\/wp\/v2\/users\/1789"}],"replies":[{"embeddable":true,"href":"https:\/\/linitiative.ca\/International\/wp-json\/wp\/v2\/comments?post=30697"}],"version-history":[{"count":0,"href":"https:\/\/linitiative.ca\/International\/wp-json\/wp\/v2\/posts\/30697\/revisions"}],"wp:featuredmedia":[{"embeddable":true,"href":"https:\/\/linitiative.ca\/International\/wp-json\/"}],"wp:attachment":[{"href":"https:\/\/linitiative.ca\/International\/wp-json\/wp\/v2\/media?parent=30697"}],"wp:term":[{"taxonomy":"category","embeddable":true,"href":"https:\/\/linitiative.ca\/International\/wp-json\/wp\/v2\/categories?post=30697"},{"taxonomy":"post_tag","embeddable":true,"href":"https:\/\/linitiative.ca\/International\/wp-json\/wp\/v2\/tags?post=30697"}],"curies":[{"name":"wp","href":"https:\/\/api.w.org\/{rel}","templated":true}]}}