{"id":30699,"date":"2019-04-27T14:54:05","date_gmt":"2019-04-27T18:54:05","guid":{"rendered":"https:\/\/linitiative.ca\/International\/tunisie-les-familles-des-blesses-hospitalises-a-sousse-et-sfax-hebergees-sur-place\/"},"modified":"2019-04-27T14:54:05","modified_gmt":"2019-04-27T18:54:05","slug":"tunisie-les-familles-des-blesses-hospitalises-a-sousse-et-sfax-hebergees-sur-place","status":"publish","type":"post","link":"https:\/\/linitiative.ca\/International\/tunisie-les-familles-des-blesses-hospitalises-a-sousse-et-sfax-hebergees-sur-place\/","title":{"rendered":"Tunisie\u00a0: Les familles des bless\u00e9s hospitalis\u00e9s \u00e0 Sousse et Sfax h\u00e9berg\u00e9es sur place"},"content":{"rendered":"<div class=\"post-cont-in left relative\">\n<p>La ministre de la Sant\u00e9 par int\u00e9rim, Sonia Ben Cheikh a donn\u00e9 des consignes pour assurer le transport, \u00e0 partir de Sidi Bouzid, des parents des bless\u00e9s hospitalis\u00e9s \u00e0 Sousse et Sfax. Elle a aussi donn\u00e9 des instructions pour les h\u00e9berger \u00e0 proximit\u00e9 de leurs patients, durant toute la p\u00e9riode de leur hospitalisation, pour leur \u00e9viter les navettes et pour qu\u2019ils soient \u00e0 c\u00f4t\u00e9 des leurs, de m\u00eame qu\u2019ils pourraient mieux b\u00e9n\u00e9ficier du soutien psychologique qui leur a \u00e9t\u00e9 d\u00e9di\u00e9.<\/p>\n<div class=\"mvp-org-wrap mvp-org-logo\" itemprop=\"publisher\" itemscope=\"\" itemtype=\"https:\/\/schema.org\/Organization\"><img decoding=\"async\" src=\"https:\/\/www.tunisienumerique.com\/wp-content\/uploads\/2017\/02\/logo_tunisie_numerique.png\"\/><\/div>\n<div class=\"mvp-related-posts left relative\">\n<h4 class=\"post-header\"><span class=\"post-header\">Lire aussi<\/span><\/h4>\n<\/div>\n<\/div>\n<p>Auteur: LM<br \/>\n<a href=\"https:\/\/www.tunisienumerique.com\/tunisie-les-familles-des-blesses-hospitalises-a-sousse-et-sfax-heberges-surplace\/\">Cliquez ici pour lire l&rsquo;article depuis sa source.<\/a><\/p>\n","protected":false},"excerpt":{"rendered":"<p>La ministre de la Sant\u00e9 par int\u00e9rim, Sonia Ben Cheikh a donn\u00e9 des consignes pour assurer le transport, \u00e0 partir de Sidi Bouzid, des parents des bless\u00e9s hospitalis\u00e9s \u00e0 Sousse et Sfax. Elle a aussi donn\u00e9 des instructions pour les h\u00e9berger \u00e0 proximit\u00e9 de leurs patients, durant toute la p\u00e9riode de leur hospitalisation, pour leur [&hellip;]<\/p>\n","protected":false},"author":1789,"featured_media":30700,"comment_status":"closed","ping_status":"closed","sticky":false,"template":"","format":"standard","meta":{"fifu_image_url":"","fifu_image_alt":"","footnotes":""},"categories":[73,55],"tags":[],"class_list":["post-30699","post","type-post","status-publish","format-standard","has-post-thumbnail","hentry","category-actualite","category-tunisie"],"_links":{"self":[{"href":"https:\/\/linitiative.ca\/International\/wp-json\/wp\/v2\/posts\/30699","targetHints":{"allow":["GET"]}}],"collection":[{"href":"https:\/\/linitiative.ca\/International\/wp-json\/wp\/v2\/posts"}],"about":[{"href":"https:\/\/linitiative.ca\/International\/wp-json\/wp\/v2\/types\/post"}],"author":[{"embeddable":true,"href":"https:\/\/linitiative.ca\/International\/wp-json\/wp\/v2\/users\/1789"}],"replies":[{"embeddable":true,"href":"https:\/\/linitiative.ca\/International\/wp-json\/wp\/v2\/comments?post=30699"}],"version-history":[{"count":0,"href":"https:\/\/linitiative.ca\/International\/wp-json\/wp\/v2\/posts\/30699\/revisions"}],"wp:featuredmedia":[{"embeddable":true,"href":"https:\/\/linitiative.ca\/International\/wp-json\/"}],"wp:attachment":[{"href":"https:\/\/linitiative.ca\/International\/wp-json\/wp\/v2\/media?parent=30699"}],"wp:term":[{"taxonomy":"category","embeddable":true,"href":"https:\/\/linitiative.ca\/International\/wp-json\/wp\/v2\/categories?post=30699"},{"taxonomy":"post_tag","embeddable":true,"href":"https:\/\/linitiative.ca\/International\/wp-json\/wp\/v2\/tags?post=30699"}],"curies":[{"name":"wp","href":"https:\/\/api.w.org\/{rel}","templated":true}]}}