{"id":30701,"date":"2019-04-27T15:57:36","date_gmt":"2019-04-27T19:57:36","guid":{"rendered":"https:\/\/linitiative.ca\/International\/tunisie-remada-saisie-de-plus-dune-tonne-de-cannabis\/"},"modified":"2019-04-27T15:57:36","modified_gmt":"2019-04-27T19:57:36","slug":"tunisie-remada-saisie-de-plus-dune-tonne-de-cannabis","status":"publish","type":"post","link":"https:\/\/linitiative.ca\/International\/tunisie-remada-saisie-de-plus-dune-tonne-de-cannabis\/","title":{"rendered":"Tunisie\u00a0: Remada\u00a0: Saisie de plus d\u2019une tonne de cannabis"},"content":{"rendered":"<div class=\"post-cont-in left relative\">\n<p>Les forces militaires stationn\u00e9es dans la r\u00e9gion de Remada ont d\u00fb recourir \u00e0 des tirs de sommation, pour arr\u00eater un v\u00e9hicule de contrebandiers.<\/p>\n<p>Le v\u00e9hicule en question transportait plus d\u2019une tonne de Cannabis, que les deux contrebandiers, de nationalit\u00e9 \u00ab\u00a0maghr\u00e9bine\u00a0\u00bb, ont avou\u00e9 vouloir \u00e9couler sur le territoire libyen.<\/p>\n<div class=\"code-block code-block-1 c3\"><ins class=\"adsbygoogle c2\" data-ad-layout=\"in-article\" data-ad-format=\"fluid\" data-ad-client=\"ca-pub-2102118777505746\" data-ad-slot=\"7301775417\"\/> <\/div>\n<div class=\"mvp-org-wrap mvp-org-logo\" itemprop=\"publisher\" itemscope=\"\" itemtype=\"https:\/\/schema.org\/Organization\"><img decoding=\"async\" src=\"https:\/\/www.tunisienumerique.com\/wp-content\/uploads\/2017\/02\/logo_tunisie_numerique.png\"\/><\/div>\n<div class=\"mvp-related-posts left relative\">\n<h4 class=\"post-header\"><span class=\"post-header\">Lire aussi<\/span><\/h4>\n<\/div>\n<\/div>\n<p>Auteur: LM<br \/>\n<a href=\"https:\/\/www.tunisienumerique.com\/tunisie-remada-saisie-de-plus-dune-tonne-de-cannabis\/\">Cliquez ici pour lire l&rsquo;article depuis sa source.<\/a><\/p>\n","protected":false},"excerpt":{"rendered":"<p>Les forces militaires stationn\u00e9es dans la r\u00e9gion de Remada ont d\u00fb recourir \u00e0 des tirs de sommation, pour arr\u00eater un v\u00e9hicule de contrebandiers. Le v\u00e9hicule en question transportait plus d\u2019une tonne de Cannabis, que les deux contrebandiers, de nationalit\u00e9 \u00ab\u00a0maghr\u00e9bine\u00a0\u00bb, ont avou\u00e9 vouloir \u00e9couler sur le territoire libyen. Lire aussi Auteur: LM Cliquez ici pour [&hellip;]<\/p>\n","protected":false},"author":1789,"featured_media":30702,"comment_status":"closed","ping_status":"closed","sticky":false,"template":"","format":"standard","meta":{"fifu_image_url":"","fifu_image_alt":"","footnotes":""},"categories":[73,55],"tags":[],"class_list":["post-30701","post","type-post","status-publish","format-standard","has-post-thumbnail","hentry","category-actualite","category-tunisie"],"_links":{"self":[{"href":"https:\/\/linitiative.ca\/International\/wp-json\/wp\/v2\/posts\/30701","targetHints":{"allow":["GET"]}}],"collection":[{"href":"https:\/\/linitiative.ca\/International\/wp-json\/wp\/v2\/posts"}],"about":[{"href":"https:\/\/linitiative.ca\/International\/wp-json\/wp\/v2\/types\/post"}],"author":[{"embeddable":true,"href":"https:\/\/linitiative.ca\/International\/wp-json\/wp\/v2\/users\/1789"}],"replies":[{"embeddable":true,"href":"https:\/\/linitiative.ca\/International\/wp-json\/wp\/v2\/comments?post=30701"}],"version-history":[{"count":0,"href":"https:\/\/linitiative.ca\/International\/wp-json\/wp\/v2\/posts\/30701\/revisions"}],"wp:featuredmedia":[{"embeddable":true,"href":"https:\/\/linitiative.ca\/International\/wp-json\/"}],"wp:attachment":[{"href":"https:\/\/linitiative.ca\/International\/wp-json\/wp\/v2\/media?parent=30701"}],"wp:term":[{"taxonomy":"category","embeddable":true,"href":"https:\/\/linitiative.ca\/International\/wp-json\/wp\/v2\/categories?post=30701"},{"taxonomy":"post_tag","embeddable":true,"href":"https:\/\/linitiative.ca\/International\/wp-json\/wp\/v2\/tags?post=30701"}],"curies":[{"name":"wp","href":"https:\/\/api.w.org\/{rel}","templated":true}]}}