{"id":30703,"date":"2019-04-27T16:58:16","date_gmt":"2019-04-27T20:58:16","guid":{"rendered":"https:\/\/linitiative.ca\/International\/tunisie-tahya-tounes-une-liste-unique-se-presente-aux-elections-du-congres-constitutif\/"},"modified":"2019-04-27T16:58:16","modified_gmt":"2019-04-27T20:58:16","slug":"tunisie-tahya-tounes-une-liste-unique-se-presente-aux-elections-du-congres-constitutif","status":"publish","type":"post","link":"https:\/\/linitiative.ca\/International\/tunisie-tahya-tounes-une-liste-unique-se-presente-aux-elections-du-congres-constitutif\/","title":{"rendered":"Tunisie\u00a0: Tahya Tounes\u00a0: Une liste unique se pr\u00e9sente aux \u00e9lections du congr\u00e8s constitutif"},"content":{"rendered":"<div class=\"post-cont-in left relative\">\n<p>Le leader au sein du parti Tahya Tounes, Walid Jalled a annonc\u00e9, ce soir, qu\u2019une seule liste s\u2019est pr\u00e9sent\u00e9e aux \u00e9lections, lors du congr\u00e8s constitutif du parti. Cette liste comprend cent noms, et est pr\u00e9sid\u00e9e par Slim Azzabi qui postule ainsi, au poste de secr\u00e9taire g\u00e9n\u00e9ral du parti.<\/p>\n<p>Concernant la pr\u00e9sidence du parti, Jalled a annonc\u00e9 que cette question sera abord\u00e9e, ult\u00e9rieurement, lors des assises du congr\u00e8s.<\/p>\n<div class=\"code-block code-block-1 c3\"><ins class=\"adsbygoogle c2\" data-ad-layout=\"in-article\" data-ad-format=\"fluid\" data-ad-client=\"ca-pub-2102118777505746\" data-ad-slot=\"7301775417\"\/> <\/div>\n<div class=\"mvp-org-wrap mvp-org-logo\" itemprop=\"publisher\" itemscope=\"\" itemtype=\"https:\/\/schema.org\/Organization\"><img decoding=\"async\" src=\"https:\/\/www.tunisienumerique.com\/wp-content\/uploads\/2017\/02\/logo_tunisie_numerique.png\"\/><\/div>\n<div class=\"mvp-related-posts left relative\">\n<h4 class=\"post-header\"><span class=\"post-header\">Lire aussi<\/span><\/h4>\n<\/div>\n<\/div>\n<p>Auteur: LM<br \/>\n<a href=\"https:\/\/www.tunisienumerique.com\/tunisie-tahya-tounes-une-liste-unique-se-presente-aux-elections-du-congres-constitutif\/\">Cliquez ici pour lire l&rsquo;article depuis sa source.<\/a><\/p>\n","protected":false},"excerpt":{"rendered":"<p>Le leader au sein du parti Tahya Tounes, Walid Jalled a annonc\u00e9, ce soir, qu\u2019une seule liste s\u2019est pr\u00e9sent\u00e9e aux \u00e9lections, lors du congr\u00e8s constitutif du parti. Cette liste comprend cent noms, et est pr\u00e9sid\u00e9e par Slim Azzabi qui postule ainsi, au poste de secr\u00e9taire g\u00e9n\u00e9ral du parti. Concernant la pr\u00e9sidence du parti, Jalled a [&hellip;]<\/p>\n","protected":false},"author":1789,"featured_media":30704,"comment_status":"closed","ping_status":"closed","sticky":false,"template":"","format":"standard","meta":{"fifu_image_url":"","fifu_image_alt":"","footnotes":""},"categories":[73,55],"tags":[],"class_list":["post-30703","post","type-post","status-publish","format-standard","has-post-thumbnail","hentry","category-actualite","category-tunisie"],"_links":{"self":[{"href":"https:\/\/linitiative.ca\/International\/wp-json\/wp\/v2\/posts\/30703","targetHints":{"allow":["GET"]}}],"collection":[{"href":"https:\/\/linitiative.ca\/International\/wp-json\/wp\/v2\/posts"}],"about":[{"href":"https:\/\/linitiative.ca\/International\/wp-json\/wp\/v2\/types\/post"}],"author":[{"embeddable":true,"href":"https:\/\/linitiative.ca\/International\/wp-json\/wp\/v2\/users\/1789"}],"replies":[{"embeddable":true,"href":"https:\/\/linitiative.ca\/International\/wp-json\/wp\/v2\/comments?post=30703"}],"version-history":[{"count":0,"href":"https:\/\/linitiative.ca\/International\/wp-json\/wp\/v2\/posts\/30703\/revisions"}],"wp:featuredmedia":[{"embeddable":true,"href":"https:\/\/linitiative.ca\/International\/wp-json\/"}],"wp:attachment":[{"href":"https:\/\/linitiative.ca\/International\/wp-json\/wp\/v2\/media?parent=30703"}],"wp:term":[{"taxonomy":"category","embeddable":true,"href":"https:\/\/linitiative.ca\/International\/wp-json\/wp\/v2\/categories?post=30703"},{"taxonomy":"post_tag","embeddable":true,"href":"https:\/\/linitiative.ca\/International\/wp-json\/wp\/v2\/tags?post=30703"}],"curies":[{"name":"wp","href":"https:\/\/api.w.org\/{rel}","templated":true}]}}