{"id":30705,"date":"2019-04-27T04:25:23","date_gmt":"2019-04-27T08:25:23","guid":{"rendered":"https:\/\/linitiative.ca\/International\/bassiaka-dao-president-de-la-cpf-apres-la-periodicite-il-faut-redefinir-le-contenu-de-la-jnp\/"},"modified":"2019-04-27T04:25:23","modified_gmt":"2019-04-27T08:25:23","slug":"bassiaka-dao-president-de-la-cpf-apres-la-periodicite-il-faut-redefinir-le-contenu-de-la-jnp","status":"publish","type":"post","link":"https:\/\/linitiative.ca\/International\/bassiaka-dao-president-de-la-cpf-apres-la-periodicite-il-faut-redefinir-le-contenu-de-la-jnp\/","title":{"rendered":"Bassiaka Dao, Pr\u00e9sident de la CPF: \u00ab\u00a0Apr\u00e8s la p\u00e9riodicit\u00e9, il faut red\u00e9finir le contenu de la JNP\u00a0\u00bb"},"content":{"rendered":"<div class=\"td-post-featured-image\"><a href=\"https:\/\/i1.wp.com\/www.sidwaya.info\/wp-content\/uploads\/2019\/04\/DSC_3510.jpg?fit=640%2C427&#038;ssl=1\" data-caption=\"?????????\"><img loading=\"lazy\" decoding=\"async\" width=\"640\" height=\"427\" class=\"entry-thumb td-modal-image\" src=\"https:\/\/i1.wp.com\/www.sidwaya.info\/wp-content\/uploads\/2019\/04\/DSC_3510.jpg?resize=640%2C427&#038;ssl=1\" srcset=\"https:\/\/i1.wp.com\/www.sidwaya.info\/wp-content\/uploads\/2019\/04\/DSC_3510.jpg?w=640&#038;ssl=1 640w, https:\/\/i1.wp.com\/www.sidwaya.info\/wp-content\/uploads\/2019\/04\/DSC_3510.jpg?resize=300%2C200&#038;ssl=1 300w, https:\/\/i1.wp.com\/www.sidwaya.info\/wp-content\/uploads\/2019\/04\/DSC_3510.jpg?resize=630%2C420&#038;ssl=1 630w\" sizes=\"auto, (max-width: 640px) 100vw, 640px\" alt=\"\" title=\"DSC_3510\"\/><\/a>?????????<\/div>\n<div class=\"td-a-rec td-a-rec-id-content_top td_uid_30_5cc4cd29c6808_rand td_block_template_1\"><img loading=\"lazy\" decoding=\"async\" class=\"aligncenter size-full wp-image-4463\" src=\"https:\/\/www.sidwaya.info\/wp-content\/uploads\/2019\/02\/FESPACO-TOUR-2019-Bannie%CC%80re-728x90-1.jpg\" alt=\"\" width=\"728\" height=\"90\"\/><\/div>\n<p><strong>Dans la cadre de la Journ\u00e9e nationale du paysan\u00a0 ( JNP) \u00a0la radiodiffusion du Burkina \u00a0s\u2019est\u00a0 entretenu\u00a0 avec le pr\u00e9sident de la Conf\u00e9d\u00e9ration paysanne du Faso ( CPF)\u00a0 Bassiaka Dao\u00a0 dans son \u00e9mission Tapis d\u2019honneur \u00a0le jeudi\u00a0 25 avril 2019 \u00e0 Gaoua.\u00a0 Avec celui qui est surnomm\u00e9 Jos\u00e9 Bov\u00e9\u00a0 national, il a \u00e9t\u00e9 question de son parcours, ses exp\u00e9riences\u00a0 dans le domaine agricole, des difficult\u00e9s\u00a0 que rencontrent \u00a0le monde rural et aussi des solutions pour le d\u00e9veloppement de ce secteur.<\/strong><\/p>\n<p><strong>\u00a0<\/strong><strong><em>Radio nationale du Burkina (RNB) : Pourquoi avez-vous choisi d\u2019\u00eatre agriculteur\u00a0?<\/em><\/strong><\/p>\n<p><strong><em>Bassiaka Dao (BD)<\/em><\/strong>\u00a0: J\u2019aime le secteur dans lequel j\u2019\u00e9volue car pour \u00a0moi s\u2019il n\u2019y a pas d\u2019agriculteur il n\u2019y a pas de vie. L\u2019agriculteur est la sentinelle de l\u2019avant-garde de l\u2019humanit\u00e9 en ce sens que ce \u00a0sont ces agriculteurs qui produisent\u00a0 de la nourriture pour mettre \u00e0 la disposition\u00a0 de\u00a0 l\u2019ensemble de la population afin qu\u2019il subvienne \u00e0 leur bien-\u00eatre. Ce secteur est strat\u00e9gique. On doit lui apporter beaucoup de connaissances et inciter \u00a0les gens \u00e0 l\u2019aborder\u00a0 avec le plus grand respect. Apr\u00e8s le coll\u00e8ge ce ne sont pas\u00a0 des opportunit\u00e9s qui manquaient\u00a0 mais j\u2019ai \u00e9t\u00e9 fascin\u00e9 par son p\u00e8re agriculteur. Malgr\u00e9 qu\u2019il ait du mat\u00e9riel \u00a0peu adapt\u00e9, il \u00e9tait un grand cultivateur respect\u00e9. Il arrivait \u00e0 subvenir aux besoins de la famille.\u00a0 Cela m\u2019a motiv\u00e9 \u00a0\u00a0\u00e0 m\u2019engager dans ce secteur. 80% de mes promotionnaires sont all\u00e9s dans divers domaines mais j\u2019ai choisi le travail de la terre.<\/p>\n<p><strong><em>RNB\u00a0: Pour quelles raisons vous \u00eates surnomm\u00e9\u00a0 Jos\u00e9 Bov\u00e9 du Burkina\u00a0?<\/em><\/strong><\/p>\n<p><strong><em>BD\u00a0:<\/em><\/strong> J\u2019ai \u00e9t\u00e9 surnomm\u00e9\u00a0 Jos\u00e9 Bov\u00e9 du Burkina \u00e0 cause de mes \u00a0prises de position par rapport aux Organismes g\u00e9n\u00e9tiquement modifi\u00e9s (OGM) lors d\u2019une JNP. Le Burkina Faso n\u2019a pas\u00a0 fini d\u2019utiliser\u00a0 tout son patrimoine g\u00e9n\u00e9tique en mati\u00e8re de v\u00e9g\u00e9taux. Ainsi, nous ne sommes pas pr\u00eats pas \u00e0 passer aux OGM. Ils vont nous amener \u00e0 \u00eatre dans une d\u00e9pendance\u00a0 semenci\u00e8re qui va\u00a0\u00a0 nuire \u00e0 notre pays. Nos recherches nationales ont pu mettre en place des vari\u00e9t\u00e9s performantes pour les diff\u00e9rentes sp\u00e9culations dont on dispose. C\u2019est\u00a0 pour ce\u00a0 langage que\u00a0 franc et sans d\u00e9tour que l\u2019ex pr\u00e9sident du Faso, \u00a0Blaise Compaor\u00e9 m\u2019a surnomm\u00e9 Jos\u00e9 Bov\u00e9 du \u00a0Burkina.<\/p>\n<p><strong><em>RNB\u00a0: Face \u00e0 la pauvret\u00e9 des sols associ\u00e9e\u00a0 aux \u00a0cons\u00e9quences des changements climatiques\u00a0 n\u2019avez-vous pas eu envi d\u2019abandonner ce travail\u00a0?<\/em><\/strong><\/p>\n<p><strong><em>BD\u00a0:<\/em><\/strong> Non. Pour moi c\u2019est l\u2019adversit\u00e9 qui permet un engagement v\u00e9ritable dans un domaine donn\u00e9. En tant qu\u2019agriculteur face aux effets du changement climatique il faut d\u00e9velopper les capacit\u00e9s de r\u00e9flexions pour vaincre les obstacles\u00a0 du secteur. Il faut utiliser les pratiques ancestrales et modernes pour nourrir nos sols. Il n\u2019est pas n\u00e9cessaire\u00a0 de quitter un domaine pour un autre \u00e0 la moindre difficult\u00e9 car il sera difficile d\u2019\u00eatre un professionnel. Face \u00e0 la nature, il faut arriv\u00e9e \u00e0 d\u00e9velopper des initiatives afin de vaincre\u00a0 les obstacles pour se nourrir. \u00a0Pour moi l\u2019avenir de nos pays \u00a0repose sur\u00a0\u00a0 l\u2019agriculture. Aujourd\u2019hui les institutions, les d\u00e9cideurs politiques recommandent aux jeunes\u00a0 de\u00a0 retourner \u00e0 la terre.\u00a0 Il faut\u00a0 rendre d\u2019abord \u00a0l\u2019agriculture attrayante en \u00a0la sortant du cadre informel\u00a0 pour le formel qui g\u00e9n\u00e8re des droits et des devoirs ainsi elle devient un domaine valorisant.<\/p>\n<p><strong><em>RNB\u00a0: Bient\u00f4t c\u2019est la saison des pluies, quelles sont actuellement\u00a0 les op\u00e9rations men\u00e9es dans les exploitations\u00a0?<\/em><\/strong><\/p>\n<p><strong><em>BD\u00a0:<\/em><\/strong> Actuellement nous sommes \u00e0 la phase des \u00a0pr\u00e9paratifs pour aborder la saison des pluies. Nous sommes en train de faire \u00a0la r\u00e9vision du mat\u00e9riel, l\u2019\u00e9pandage de la fumure dans les parcelles. D\u2019ici le 10 mai les labours\u00a0 seront entam\u00e9s dans les\u00a0 champs de\u00a0 coton et d\u2019autres sp\u00e9culations.<\/p>\n<p><strong><em>RNB\u00a0: De quels mat\u00e9riels disposez-vous\u00a0 pour vos exploitations\u00a0?<\/em><\/strong><\/p>\n<p>Je dispose de deux tracteurs, des semoirs et plusieurs charrues, j\u2019utilise aussi \u00a0les animaux de traits pour les labours. J\u2019utilise pr\u00e8s de 87 hectares pour la production des semences et la consommation familiale. Il y a aussi de l\u2019espace pour l\u2019\u00e9levage\u00a0.Le cheptel est l\u2019\u00e9conomie vivante sur pied pour l\u2019agriculteur permettant de prendre en charge certaines d\u00e9penses.<\/p>\n<p><strong><em>RNB\u00a0: La m\u00e9canisation agricole et l\u2019usage des intrants s\u2019imposent\u00a0 aujourd\u2019hui\u00a0 face \u00e0 la r\u00e9duction de la main d\u2019\u0153uvre\u00a0 au travail communautaire.\u00a0 Ne craignez-vous pas que l\u2019agriculture \u00e9chappe aux pauvres paysans qui ne deviendront \u00a0que de petits\u00a0 ouvriers agricoles au service\u00a0 des riches producteurs et d\u2019agro businessmans\u00a0?<\/em><\/strong><\/p>\n<p><strong><em>BD\u00a0:<\/em><\/strong> L\u2019agriculture n\u2019\u00e9chappera \u00a0jamais \u00e0 ceux\u00a0 qui ont l\u2019amour pour ce domaine. Par rapport \u00e0 l\u2019adversit\u00e9 il faut connaitre les efforts\u00a0 \u00e0 y mettre. On ne plus continu\u00e9 dans ce secteur comme dans le pass\u00e9. Pour mon cas nous g\u00e9rons une entreprise familiale qui ne va pas \u00a0nous \u00e9chapper. \u00a0Ceux qu\u2019on appelle\u00a0 les agro businessmans au Burkina Faso ne les sont pas. Le seul que je vois c\u2019est la SOSUCO qui a des difficult\u00e9s \u00e0 vendre ces produits. S\u2019il y \u00a0avait les agro businessmans \u00a0\u00a0le Burkina Faso \u00a0n\u2019allait\u00a0 pas\u00a0 continuer de souffrir\u00a0\u00a0 des effets n\u00e9gatifs de l\u2019ins\u00e9curit\u00e9 alimentaire. En Europe quand on parle de l\u2019agro business il s\u2019agit de faire l\u2019argent\u00a0 avec l\u2019agriculture. A ce stade \u00a0les questions de s\u00e9curit\u00e9 alimentaire, de transformation \u00a0sont r\u00e9solues. Ici nous avons des march\u00e9s hebdomadaires qui fonctionnent avec\u00a0 des graines de sorgho, de ni\u00e9b\u00e9 et autres. Je pense que le \u00a0concept \u00a0d\u2019agro businessman a \u00e9t\u00e9 adopt\u00e9 \u00a0par mode et\u00a0\u00a0 les gens\u00a0 \u00a0\u00a0ne\u00a0 cherchent pas \u00e0 l\u2019approfondir. Au sortir de la 2<sup>e<\/sup> guerre mondiale \u00a0l\u2019Europe a \u00a0construit\u00a0 un espace de paix et de s\u00e9curit\u00e9 alimentaire. Dans un premier temps \u00a0l\u2019objectif \u00e9tait de nourrir\u00a0 la population. Ainsi avec les actions\u00a0 il y a eu une \u00a0\u00a0production de masse en \u00a0\u00a0c\u00e9r\u00e9ales, produits laitier et autres. Du coup il fallait aller \u00e0 la\u00a0 transformation. De notre avis une entreprise doit \u00a0fonctionner en plein temps pas en fonction des al\u00e9as climatiques. Une vraie entreprise agricole est une coop\u00e9rative mais au Burkina il n\u2019y a pas\u00a0 de forte.<\/p>\n<p><strong><em>RNB\u00a0: L\u2019utilisation des pesticides accroit\u00a0 certes les rendements de production mais elle a de nombreuses cons\u00e9quences sur la sant\u00e9 humaine. \u00a0Comment concilier la sant\u00e9 et l\u2019agriculture pour que notre nourriture soit notre rem\u00e8de et que\u00a0 notre rem\u00e8de soit notre nourriture\u00a0?<\/em><\/strong><\/p>\n<p><em>\u00a0<\/em><strong><em>BD\u00a0:<\/em><\/strong> Pour concilier notre\u00a0 agriculture et notre sant\u00e9 il faut le renforcement de capacit\u00e9, valoriser l\u2019homme. 80% des agriculteurs Burkinab\u00e8 ne connaissance les m\u00e9faits des pesticides et des herbicides. Il faut que les acteurs connaissent\u00a0 leur dur\u00e9e de vie dans le sol et la plante. Et \u00a0aussi il est important de renforcer les capacit\u00e9s sur les itin\u00e9raires techniques de production des sp\u00e9culations\u00a0 pour que\u00a0 les acteurs\u00a0 prennent \u00a0des pr\u00e9cautions dans l\u2019utilisation de ces produits. Tous ces renforcements de capacit\u00e9 doivent \u00eatre\u00a0 assur\u00e9s par l\u2019Etat, les organisations professionnelles agricoles \u00e0 travers le conseil de gestion de l\u2019exploitation familiale et les services technico-\u00e9conomiques.<\/p>\n<p><strong><em>RNB\u00a0:<\/em><\/strong> <strong>La pression fonci\u00e8re est une r\u00e9alit\u00e9\u00a0 au Burkina Faso avec la croissance d\u00e9mographique et le retour de certains migrants.\u00a0 Comment \u00e9viter les conflits et autres \u00a0litiges li\u00e9s \u00e0 la production agricole\u00a0?<\/strong><\/p>\n<p><strong>BD\u00a0:<\/strong> Pour \u00e9viter les conflits\u00a0 sur le foncier \u00a0cela y va de la responsabilit\u00e9 de l\u2019Etat\u00a0 en ce sens qu\u2019il\u00a0 est le garant de la s\u00e9curit\u00e9. En 2007 nous avons eu \u00e0 \u00e9laborer\u00a0 une politique de s\u00e9curisation fonci\u00e8re en milieu rural. Elle\u00a0\u00a0\u00a0 devait\u00a0 aider \u00e0 s\u00e9curiser \u00a0les exploitants et les exploitations familiales \u00e0 partir de leur existence. Malheureusement\u00a0 cette loi d\u00e9nomm\u00e9 loi 034 a eu des difficult\u00e9s \u00e0 l\u2019application parce que nous avons fauss\u00e9 les d\u00e9bats. Nous\u00a0 sommes au Burkina Faso et nous avons nos propres\u00a0 r\u00e9alit\u00e9s. Lors \u00a0d\u2019une JNP nous\u00a0 nous sommes\u00a0 engag\u00e9s \u00a0\u00a0\u00e0 \u00e9laborer une politique de s\u00e9curisation\u00a0 fonci\u00e8re en impliquant\u00a0 toutes les couches et cat\u00e9gories d\u2019acteurs. Et la finalit\u00e9\u00a0 a \u00e9t\u00e9\u00a0 de d\u00e9finir le\u00a0 domaine foncier national\u00a0 de l\u2019Etat, les grands am\u00e9nagements hydro agricoles, les zones\u00a0 de\u00a0 reproductions, \u00a0de p\u00e2turage, les cours d\u2019eau , les for\u00eats\u00a0 class\u00e9es, les domaines des collectivit\u00e9s et le reste appartient aux priv\u00e9s. Mais quel m\u00e9canisme \u00a0a-t-on \u00a0mis sur \u00a0place pour chaque famille afin de b\u00e9n\u00e9ficier effectivement de la s\u00e9curisation de ses terres\u00a0? C\u2019est l\u00e0 les\u00a0 difficult\u00e9s\u00a0 qui\u00a0 provoquent les conflits. L\u2019Etat aurait d\u00fb prendre \u00a0des dispositions au niveau des services fonciers ruraux\u00a0 dans les collectivit\u00e9s d\u00e9centralis\u00e9es en\u00a0 d\u00e9limitant traditionnellement les terres, s\u2019il n\u2019 ya\u00a0 pas de litiges et donner un premier document comme une attestation \u00a0de possession fonci\u00e8re qui prouve la propri\u00e9t\u00e9\u00a0 d\u2019un individu ou d\u2019un groupe. Ainsi les conflits n\u2019allaient pas naitre puisque \u00a0dans les localit\u00e9s il existe des instances pour g\u00e9rer ces questions .Au lieu d\u2019utiliser ces instances nous attendons des programmes qui viennent imposer leurs visions de gestion de nos terres .Chez nous la question des terres n\u2019est pas \u00a0une question d\u2019expert mais une question de vivre ensemble pour un monde meilleur.<\/p>\n<p><strong><em>RNB\u00a0: Les\u00a0 techniques modernes de production ne\u00a0 sont pas tr\u00e8s\u00a0 accessibles aux paysans moyens, comment appr\u00e9ciez-vous les\u00a0 politiques agricoles ex\u00e9cut\u00e9es\u00a0 au Burkina Faso\u00a0?<\/em><\/strong><\/p>\n<p><strong><em>BD\u00a0:<\/em><\/strong> Au Burkina il n\u2019y a pas franchement de politique agricole. Nous avons des strat\u00e9gies et des politiques sectorielles qui \u00a0ne r\u00e9pondent pas. \u00a0Une politique doit \u00eatre capable de corriger l\u2019ensemble des externalit\u00e9s qui s\u2019opposent\u00a0 \u00e0 un secteur c\u2019est-\u00e0-dire \u00a0\u00a0le foncier jusqu\u2019\u00e0 l\u2019assiette du consommateur. C\u2019est l\u00e0 que la politique doit corriger. Malheureusement nous avons\u00a0 une strat\u00e9gie de d\u00e9veloppement \u00e0 l\u2019horizon 2025 qui ne prend pas en compte le march\u00e9 et la transformation. Pour moi la politique doit \u00eatre capable de prendre tous les maillons dudit secteur. En la mati\u00e8re nous avons interpel\u00e9 l\u2019Etat\u00a0 \u00a0pour certaines\u00a0 questions relatives au monde rural \u00a0et faire des propositions. Vous demandez aux \u00a0gens\u00a0 de produire et de transformer alors qu\u2019il \u00a0n\u2019a pas \u00a0de march\u00e9s et d\u2019\u00e9quipements. Qu\u2019est ce qu\u2019on fait\u00a0?<\/p>\n<p><strong><em>RNB\u00a0: Dites-nous pourquoi l\u2019agro \u00e9cologie cela vous tient \u00e0 c\u0153ur\u00a0 et tr\u00e8s d\u00e9fendue par la CPF\u00a0?<\/em><\/strong><\/p>\n<p><strong><em>BD\u00a0:<\/em><\/strong> Nous savons tr\u00e8s bien qu\u2019aujourd\u2019hui que le r\u00e9chauffement de la plan\u00e8te est du \u00a0en grande partie \u00e0 la destruction des ressources naturelles. Quand nous parlons de l\u2019agro \u00e9cologie, c\u2019est produire tout en respectant notre environnement\u00a0 et la nature,\u00a0 en produisant des aliments saints \u00e0 m\u00eame \u00a0de pr\u00e9server notre sant\u00e9. \u00a0Voil\u00e0 pourquoi\u00a0 la CPF\u00a0 \u00a0pr\u00f4ne l\u2019agro \u00e9cologie. \u00a0Par\u00a0 l\u2019agro \u00e9cologie on utilise moins les engrais chimiques, \u00a0les\u00a0 pesticides et \u00a0les herbicides. Ce permet de revaloriser l\u2019homme et le mettre au centre de son d\u00e9veloppement.<\/p>\n<p><strong><em>RNB\u00a0: Qu\u2019est ce qui a motiv\u00e9 la cr\u00e9ation de la CPF\u00a0?<\/em><\/strong><\/p>\n<p><strong><em>BD\u00a0:<\/em><\/strong> La cr\u00e9ation de la CPF a \u00e9t\u00e9 un long processus depuis les ann\u00e9es 1990 lors \u00a0de l\u2019application des programmes d\u2019ajustement structurels au niveau du secteur rural. Les institutions de Bretton Woods\u00a0 ayant incit\u00e9 les Etats \u00e0 se d\u00e9sengag\u00e9 du secteur agricole et \u00e0 responsabiliser les acteurs. Ce d\u00e9sengagement\u00a0 a amen\u00e9 les paysans \u00e0 s\u2019organiser en coop\u00e9ratives, en unions de coop\u00e9ratives et en f\u00e9d\u00e9rations pour pouvoir assurer les missions \u00a0d\u2019accompagnement effectu\u00e9es jadis par \u00a0l\u2019Etat.\u00a0 A cette p\u00e9riode \u00a0il y a eu la naissance de plusieurs structures qui ne parlaient pas\u00a0 de la m\u00eame voix. C\u2019est ainsi qu\u2019est n\u00e9 en 1998 le cadre de concertation des organisations paysannes faiti\u00e8res\u00a0 qui \u00a0\u00a0\u00a0\u00a0\u00a0\u00a0\u00a0 a\u00a0 \u00e9voluer pour\u00a0 devenir la CPF en novembre\u00a0 2002 pour accompagner le monde paysan\u00a0 \u00e0\u00a0 la recherche des conditions favorables pour l\u2019exercice du \u00a0m\u00e9tier d\u2019agriculteur.<\/p>\n<p><strong><em>RNB\u00a0: On\u00a0 constate que la CPF jouis de la confiance de l\u2019Etat. Quel\u00a0 type de rapport entretenez-vous avec l\u2019Etat Burkinab\u00e8\u00a0?<\/em><\/strong><\/p>\n<p><strong><em>BD\u00a0:<\/em><\/strong> Nous entretenons avec l\u2019Etat, un rapport de partenariat et de confiance mutuelle. C\u2019est aussi un partenariat gagnant, gagnant. \u00a0Nous sommes une organisation de la soci\u00e9t\u00e9 civile (OSC) un contre pouvoir. Nous attirons l\u2019attention de l\u2019Etat \u00a0sur certaines questions li\u00e9e au devenir de notre \u00a0agriculture comme l\u2019invasion des chenilles l\u00e9gionnaire en 2016 par exemple.<\/p>\n<p><strong><em>RNB\u00a0: La professionnalisation du secteur agricole Burkinab\u00e8 semble se faire attendre avec la persistance de l\u2019amateurisme et des habitudes traditionnelles,\u00a0 que faut-il faire\u00a0 \u00e0 votre avis?<\/em><\/strong><\/p>\n<p><strong>BD\u00a0:<\/strong> Il\u00a0 faut \u00a0reconnaitre en premier lieu l\u2019agriculture \u00a0comme un m\u00e9tier g\u00e9n\u00e9rant des droits et devoirs. Cela permet d\u2019\u00eatre dans un cadre formel de professionnalisme. Le m\u00e9tier devrait arriver \u00e0 se structurer en fonction des int\u00e9r\u00eats inter li\u00e9s. Ces int\u00e9r\u00eats doivent \u00eatre solides accompagn\u00e9s un temps\u00a0 soit peu par l\u2019Etat par la\u00a0 \u00a0cr\u00e9ation d\u2019un environnement l\u00e9gislatif favorable.<\/p>\n<p><strong><em>RNB\u00a0: Que pensez-vous \u00a0de la\u00a0 JNP et\u00a0 quelles sont\u00a0 vos principales attentes\u00a0?<\/em><\/strong><\/p>\n<p><strong><em>BD\u00a0:<\/em><\/strong> Nous voulons\u00a0 que\u00a0 les populations d\u00e9plac\u00e9es puissent\u00a0 regagner leurs habitats respectifs\u00a0 et que \u00a0l\u2019Etat assure leurs productions car quand on n\u2019est pas en s\u00e9curit\u00e9 les questions de production on n\u2019en parle pas. En ce qui concerne la s\u00e9curit\u00e9 alimentaire, il faut que\u00a0 l\u2019Etat arrive \u00e0 effectivement accompagner les professionnels \u00a0sur la base des d\u00e9cisions politiques. Nous voulons que les recommandations\u00a0 qui seront prises soient ex\u00e9cut\u00e9es v\u00e9ritablement et surtout les acteurs concern\u00e9s s\u2019assument dans une synergie \u00a0d\u2019action \u00a0pour le meilleur \u00a0\u00a0\u00a0de l\u2019agriculture au Burkina Faso. La JNP permet d\u2019\u00e9couter la voix des sans voix, leurs attentes.\u00a0 Pour ce faire sa tenue en vaut la peine malheureusement\u00a0 elle\u00a0 est d\u00e9form\u00e9e dans ces objectifs parce qu\u2019elle\u00a0 est en passe de devenir une affaire des ministres, fonctionnaires et autres techniciens. L\u2019\u2019\u00e9v\u00e9nement\u00a0 doit permettre \u00a0de mener un d\u00e9bat contradictoire\u00a0 afin de corriger les erreurs\u00a0\u00a0 et donner de bonnes\u00a0 orientations. On\u00a0 a d\u00e9termin\u00e9 sa p\u00e9riodicit\u00e9 il faut maintenant\u00a0 d\u00e9finir son format et son contenu.<\/p>\n<p><strong><em>RNB\u00a0: Des hommes de m\u00e9dias estiment que vous ne communiquez pas assez ces derniers temps. Que leurs r\u00e9pondez-vous\u00a0?<\/em><\/strong><\/p>\n<p><strong><em>BD\u00a0:<\/em><\/strong> En fait \u00e7a fait un an que je pr\u00e9pare ma succession. Il faut laisser la place aux rempla\u00e7ants afin qu\u2019ils apprennent \u00a0comment \u00a0les choses fonctionnent. D\u2019ici trois semaines il y aura\u00a0 une assembl\u00e9e g\u00e9n\u00e9rale\u00a0 de renouv\u00e8lement de nos \u00a0instances. Ce qui va contribuer\u00a0 \u00e0 aider certains acteurs a affut\u00e9 leurs armes pour une meilleure gestion de nos\u00a0 instances. Sachez que \u00a0quatorze \u00a0ans de gestion d\u2019une structure syndicale n\u2019est pas une mince \u00a0affaire pour des personnages\u00a0 d\u2019un certain \u00e2ge. Nous travaillons pour la rel\u00e8ve afin que \u00a0la CPF puisse continuer \u00e0 exister mais toute chose se pr\u00e9pare.<\/p>\n<p class=\"c1\">\u00a0\u00a0 <strong>Propos retranscrits par Evariste Yoda<\/strong><\/p>\n<p class=\"c1\"><strong>Cr\u00e9dit photo\u00a0: R\u00e9mi ZOERINGRE<\/strong><\/p>\n<div class=\"td-a-rec td-a-rec-id-content_bottom td_uid_31_5cc4cd29c6a69_rand td_block_template_1\"><img loading=\"lazy\" decoding=\"async\" class=\"alignright size-full wp-image-1724\" src=\"https:\/\/www.sidwaya.info\/wp-content\/uploads\/2018\/12\/sidwaya-pub.jpg\" alt=\"\" width=\"720\" height=\"90\"\/><\/div>\n<p>Auteur: BS. Sidwaya<br \/>\n<a href=\"https:\/\/www.sidwaya.info\/blog\/2019\/04\/27\/bassiaka-dao-president-de-la-cpf-apres-la-periodicite-il-faut-redefinir-le-contenu-de-la-jnp\/\">Cliquez ici pour lire l&rsquo;article depuis sa source.<\/a><\/p>\n","protected":false},"excerpt":{"rendered":"<p>????????? Dans la cadre de la Journ\u00e9e nationale du paysan\u00a0 ( JNP) \u00a0la radiodiffusion du Burkina \u00a0s\u2019est\u00a0 entretenu\u00a0 avec le pr\u00e9sident de la Conf\u00e9d\u00e9ration paysanne du Faso ( CPF)\u00a0 Bassiaka Dao\u00a0 dans son \u00e9mission Tapis d\u2019honneur \u00a0le jeudi\u00a0 25 avril 2019 \u00e0 Gaoua.\u00a0 Avec celui qui est surnomm\u00e9 Jos\u00e9 Bov\u00e9\u00a0 national, il a \u00e9t\u00e9 question [&hellip;]<\/p>\n","protected":false},"author":1816,"featured_media":0,"comment_status":"closed","ping_status":"closed","sticky":false,"template":"","format":"standard","meta":{"fifu_image_url":"","fifu_image_alt":"","footnotes":""},"categories":[73,81],"tags":[],"class_list":["post-30705","post","type-post","status-publish","format-standard","hentry","category-actualite","category-burkina-faso"],"_links":{"self":[{"href":"https:\/\/linitiative.ca\/International\/wp-json\/wp\/v2\/posts\/30705","targetHints":{"allow":["GET"]}}],"collection":[{"href":"https:\/\/linitiative.ca\/International\/wp-json\/wp\/v2\/posts"}],"about":[{"href":"https:\/\/linitiative.ca\/International\/wp-json\/wp\/v2\/types\/post"}],"author":[{"embeddable":true,"href":"https:\/\/linitiative.ca\/International\/wp-json\/wp\/v2\/users\/1816"}],"replies":[{"embeddable":true,"href":"https:\/\/linitiative.ca\/International\/wp-json\/wp\/v2\/comments?post=30705"}],"version-history":[{"count":0,"href":"https:\/\/linitiative.ca\/International\/wp-json\/wp\/v2\/posts\/30705\/revisions"}],"wp:attachment":[{"href":"https:\/\/linitiative.ca\/International\/wp-json\/wp\/v2\/media?parent=30705"}],"wp:term":[{"taxonomy":"category","embeddable":true,"href":"https:\/\/linitiative.ca\/International\/wp-json\/wp\/v2\/categories?post=30705"},{"taxonomy":"post_tag","embeddable":true,"href":"https:\/\/linitiative.ca\/International\/wp-json\/wp\/v2\/tags?post=30705"}],"curies":[{"name":"wp","href":"https:\/\/api.w.org\/{rel}","templated":true}]}}