{"id":30706,"date":"2019-04-27T05:19:31","date_gmt":"2019-04-27T09:19:31","guid":{"rendered":"https:\/\/linitiative.ca\/International\/gaoua-visite-de-la-salle-polyvalente-en-souffrance-par-le-premier-ministre\/"},"modified":"2019-04-27T05:19:31","modified_gmt":"2019-04-27T09:19:31","slug":"gaoua-visite-de-la-salle-polyvalente-en-souffrance-par-le-premier-ministre","status":"publish","type":"post","link":"https:\/\/linitiative.ca\/International\/gaoua-visite-de-la-salle-polyvalente-en-souffrance-par-le-premier-ministre\/","title":{"rendered":"Gaoua\u00a0: Visite de la Salle polyvalente en souffrance par le premier ministre"},"content":{"rendered":"<div class=\"td-a-rec td-a-rec-id-content_top td_uid_30_5cc4cd2cb9eec_rand td_block_template_1\"><img loading=\"lazy\" decoding=\"async\" class=\"aligncenter size-full wp-image-4463\" src=\"https:\/\/www.sidwaya.info\/wp-content\/uploads\/2019\/02\/FESPACO-TOUR-2019-Bannie%CC%80re-728x90-1.jpg\" alt=\"\" width=\"728\" height=\"90\"\/><\/div>\n<p>Le Premier ministre Christophe Dabir\u00e9 a visit\u00e9 en marge de la JNP la salle polyvalente de Gaoua ce jour 27 avril. En rappel cette salle devrait \u00eatre livr\u00e9e\u00a0 pour servir le 11 d\u00e9cembre 2017.\u00a0 Elle est toujours en souffrance pour des raisons diverses et le premier ministre\u00a0 encourage l\u2019entreprise en charge de s\u2019atteler pour rendre\u00a0 un b\u00e2timent bien fait dans peu de temps.<\/p>\n<p>BS<\/p>\n<div class=\"td-a-rec td-a-rec-id-content_bottom td_uid_31_5cc4cd2cba15e_rand td_block_template_1\"><img loading=\"lazy\" decoding=\"async\" class=\"alignright size-full wp-image-1724\" src=\"https:\/\/www.sidwaya.info\/wp-content\/uploads\/2018\/12\/sidwaya-pub.jpg\" alt=\"\" width=\"720\" height=\"90\"\/><\/div>\n<p>Auteur: BS. Sidwaya<br \/>\n<a href=\"https:\/\/www.sidwaya.info\/blog\/2019\/04\/27\/gaoua-visite-de-la-salle-polyvalente-en-souffrance-par-le-premier-ministre\/\">Cliquez ici pour lire l&rsquo;article depuis sa source.<\/a><\/p>\n","protected":false},"excerpt":{"rendered":"<p>Le Premier ministre Christophe Dabir\u00e9 a visit\u00e9 en marge de la JNP la salle polyvalente de Gaoua ce jour 27 avril. En rappel cette salle devrait \u00eatre livr\u00e9e\u00a0 pour servir le 11 d\u00e9cembre 2017.\u00a0 Elle est toujours en souffrance pour des raisons diverses et le premier ministre\u00a0 encourage l\u2019entreprise en charge de s\u2019atteler pour rendre\u00a0 [&hellip;]<\/p>\n","protected":false},"author":1816,"featured_media":30707,"comment_status":"closed","ping_status":"closed","sticky":false,"template":"","format":"standard","meta":{"fifu_image_url":"","fifu_image_alt":"","footnotes":""},"categories":[73,81],"tags":[],"class_list":["post-30706","post","type-post","status-publish","format-standard","has-post-thumbnail","hentry","category-actualite","category-burkina-faso"],"_links":{"self":[{"href":"https:\/\/linitiative.ca\/International\/wp-json\/wp\/v2\/posts\/30706","targetHints":{"allow":["GET"]}}],"collection":[{"href":"https:\/\/linitiative.ca\/International\/wp-json\/wp\/v2\/posts"}],"about":[{"href":"https:\/\/linitiative.ca\/International\/wp-json\/wp\/v2\/types\/post"}],"author":[{"embeddable":true,"href":"https:\/\/linitiative.ca\/International\/wp-json\/wp\/v2\/users\/1816"}],"replies":[{"embeddable":true,"href":"https:\/\/linitiative.ca\/International\/wp-json\/wp\/v2\/comments?post=30706"}],"version-history":[{"count":0,"href":"https:\/\/linitiative.ca\/International\/wp-json\/wp\/v2\/posts\/30706\/revisions"}],"wp:featuredmedia":[{"embeddable":true,"href":"https:\/\/linitiative.ca\/International\/wp-json\/"}],"wp:attachment":[{"href":"https:\/\/linitiative.ca\/International\/wp-json\/wp\/v2\/media?parent=30706"}],"wp:term":[{"taxonomy":"category","embeddable":true,"href":"https:\/\/linitiative.ca\/International\/wp-json\/wp\/v2\/categories?post=30706"},{"taxonomy":"post_tag","embeddable":true,"href":"https:\/\/linitiative.ca\/International\/wp-json\/wp\/v2\/tags?post=30706"}],"curies":[{"name":"wp","href":"https:\/\/api.w.org\/{rel}","templated":true}]}}