{"id":30708,"date":"2019-04-27T05:55:10","date_gmt":"2019-04-27T09:55:10","guid":{"rendered":"https:\/\/linitiative.ca\/International\/dialogue-directe-avec-les-paysans\/"},"modified":"2019-04-27T05:55:10","modified_gmt":"2019-04-27T09:55:10","slug":"dialogue-directe-avec-les-paysans","status":"publish","type":"post","link":"https:\/\/linitiative.ca\/International\/dialogue-directe-avec-les-paysans\/","title":{"rendered":"Dialogue directe avec les paysans"},"content":{"rendered":"<div class=\"td-a-rec td-a-rec-id-content_top td_uid_30_5cc4cd3087fb7_rand td_block_template_1\"><img loading=\"lazy\" decoding=\"async\" class=\"aligncenter size-full wp-image-4463\" src=\"https:\/\/www.sidwaya.info\/wp-content\/uploads\/2019\/02\/FESPACO-TOUR-2019-Bannie%CC%80re-728x90-1.jpg\" alt=\"\" width=\"728\" height=\"90\"\/><\/div>\n<p>Au cours du discours d\u2019ouverture, le pr\u00e9sident\u00a0 a rendu un vibrant hommage aux producteurs pour leur ardeur au travail. Il a aussi salu\u00e9 leur engagement dans le domaine agro Sylvio pastoral qui fait de la campagne 2018 2019 une satisfaction. (Votre contribution \u00e0 notre marche vers la s\u00e9curit\u00e9 alimentaire nutritionnelle durable est importante et digne d\u2019admiration) a indiqu\u00e9 Roch Kabore.<\/p>\n<p>B.S.<\/p>\n<div class=\"td-a-rec td-a-rec-id-content_bottom td_uid_31_5cc4cd308824a_rand td_block_template_1\"><img loading=\"lazy\" decoding=\"async\" class=\"alignright size-full wp-image-1724\" src=\"https:\/\/www.sidwaya.info\/wp-content\/uploads\/2018\/12\/sidwaya-pub.jpg\" alt=\"\" width=\"720\" height=\"90\"\/><\/div>\n<p>Auteur: BS. Sidwaya<br \/>\n<a href=\"https:\/\/www.sidwaya.info\/blog\/2019\/04\/27\/dialogue-directe-avec-les-paysans\/\">Cliquez ici pour lire l&rsquo;article depuis sa source.<\/a><\/p>\n","protected":false},"excerpt":{"rendered":"<p>Au cours du discours d\u2019ouverture, le pr\u00e9sident\u00a0 a rendu un vibrant hommage aux producteurs pour leur ardeur au travail. Il a aussi salu\u00e9 leur engagement dans le domaine agro Sylvio pastoral qui fait de la campagne 2018 2019 une satisfaction. (Votre contribution \u00e0 notre marche vers la s\u00e9curit\u00e9 alimentaire nutritionnelle durable est importante et digne [&hellip;]<\/p>\n","protected":false},"author":1816,"featured_media":30709,"comment_status":"closed","ping_status":"closed","sticky":false,"template":"","format":"standard","meta":{"fifu_image_url":"","fifu_image_alt":"","footnotes":""},"categories":[73,81],"tags":[],"class_list":["post-30708","post","type-post","status-publish","format-standard","has-post-thumbnail","hentry","category-actualite","category-burkina-faso"],"_links":{"self":[{"href":"https:\/\/linitiative.ca\/International\/wp-json\/wp\/v2\/posts\/30708","targetHints":{"allow":["GET"]}}],"collection":[{"href":"https:\/\/linitiative.ca\/International\/wp-json\/wp\/v2\/posts"}],"about":[{"href":"https:\/\/linitiative.ca\/International\/wp-json\/wp\/v2\/types\/post"}],"author":[{"embeddable":true,"href":"https:\/\/linitiative.ca\/International\/wp-json\/wp\/v2\/users\/1816"}],"replies":[{"embeddable":true,"href":"https:\/\/linitiative.ca\/International\/wp-json\/wp\/v2\/comments?post=30708"}],"version-history":[{"count":0,"href":"https:\/\/linitiative.ca\/International\/wp-json\/wp\/v2\/posts\/30708\/revisions"}],"wp:featuredmedia":[{"embeddable":true,"href":"https:\/\/linitiative.ca\/International\/wp-json\/"}],"wp:attachment":[{"href":"https:\/\/linitiative.ca\/International\/wp-json\/wp\/v2\/media?parent=30708"}],"wp:term":[{"taxonomy":"category","embeddable":true,"href":"https:\/\/linitiative.ca\/International\/wp-json\/wp\/v2\/categories?post=30708"},{"taxonomy":"post_tag","embeddable":true,"href":"https:\/\/linitiative.ca\/International\/wp-json\/wp\/v2\/tags?post=30708"}],"curies":[{"name":"wp","href":"https:\/\/api.w.org\/{rel}","templated":true}]}}