{"id":30711,"date":"2019-04-27T06:37:31","date_gmt":"2019-04-27T10:37:31","guid":{"rendered":"https:\/\/linitiative.ca\/International\/21e-edition-de-la-journee-nationale-du-paysan-des-equipements-pour-les-producteurs\/"},"modified":"2019-04-27T06:37:31","modified_gmt":"2019-04-27T10:37:31","slug":"21e-edition-de-la-journee-nationale-du-paysan-des-equipements-pour-les-producteurs","status":"publish","type":"post","link":"https:\/\/linitiative.ca\/International\/21e-edition-de-la-journee-nationale-du-paysan-des-equipements-pour-les-producteurs\/","title":{"rendered":"21e \u00e9dition de la Journ\u00e9e nationale du paysan: Des \u00e9quipements pour les producteurs"},"content":{"rendered":"<div class=\"td-post-featured-image\"><a href=\"https:\/\/i1.wp.com\/www.sidwaya.info\/wp-content\/uploads\/2019\/04\/DSC_3571.jpg?fit=640%2C427&#038;ssl=1\" data-caption=\"?????????\"><img loading=\"lazy\" decoding=\"async\" width=\"640\" height=\"427\" class=\"entry-thumb td-modal-image\" src=\"https:\/\/i1.wp.com\/www.sidwaya.info\/wp-content\/uploads\/2019\/04\/DSC_3571.jpg?resize=640%2C427&#038;ssl=1\" srcset=\"https:\/\/i1.wp.com\/www.sidwaya.info\/wp-content\/uploads\/2019\/04\/DSC_3571.jpg?w=640&#038;ssl=1 640w, https:\/\/i1.wp.com\/www.sidwaya.info\/wp-content\/uploads\/2019\/04\/DSC_3571.jpg?resize=300%2C200&#038;ssl=1 300w, https:\/\/i1.wp.com\/www.sidwaya.info\/wp-content\/uploads\/2019\/04\/DSC_3571.jpg?resize=630%2C420&#038;ssl=1 630w\" sizes=\"auto, (max-width: 640px) 100vw, 640px\" alt=\"\" title=\"DSC_3571\"\/><\/a>?????????<\/div>\n<div class=\"td-a-rec td-a-rec-id-content_top td_uid_30_5cc4cd370f6f1_rand td_block_template_1\"><img loading=\"lazy\" decoding=\"async\" class=\"aligncenter size-full wp-image-4463\" src=\"https:\/\/www.sidwaya.info\/wp-content\/uploads\/2019\/02\/FESPACO-TOUR-2019-Bannie%CC%80re-728x90-1.jpg\" alt=\"\" width=\"728\" height=\"90\"\/><\/div>\n<p><strong>Le ministre de l\u2019Agriculture et des Am\u00e9nagements hydro-agricoles, Salifou Ou\u00e9draogo<\/strong> <strong>a ouvert, la 21<sup>e<\/sup> \u00e9dition de la Journ\u00e9e nationale du paysan, ce vendredi 26 avril 2019 \u00e0 Gaoua en pr\u00e9sence du Pr\u00e9sident du Faso, Roch Marc Christian Kabor\u00e9. La c\u00e9r\u00e9monie a \u00e9t\u00e9 marqu\u00e9e par la remise des \u00e9quipements d\u2019une valeur de 77\u00a0680\u00a0000 F CFA aux producteurs et la d\u00e9coration de 141 acteurs du monde rural.<\/strong><\/p>\n<p>Le top de d\u00e9part des activit\u00e9s de la 21<sup>e<\/sup> \u00e9dition de la Journ\u00e9e nationale du paysan a \u00e9t\u00e9 officiellement donn\u00e9, ce vendredi 26 avril 2019 \u00e0 Gaoua, par le ministre de l\u2019Agriculture et des Am\u00e9nagements hydro-agricoles, Salifou Ou\u00e9draogo en pr\u00e9sence du Pr\u00e9sident du Faso, Roch Marc Christian Kabor\u00e9. A l\u2019occasion, des \u00e9quipements d\u2019une valeur de 77\u00a0680\u00a0000 F CFA ont \u00e9t\u00e9 remis aux producteurs. Chaque r\u00e9gion va recevoir un lot d\u2019\u00e9quipements d\u2019une valeur de 5\u00a0975\u00a0385 F CFA. Ce mat\u00e9riel est compos\u00e9 de 96 tonnes de fumures organiques, de 192 tonnes de Burkina phosphate, de 260 unit\u00e9s d\u2019appareils de traitement, de 1\u00a0300 litres de pesticides et de 130 kits d\u2019\u00e9quipement de production individuelle. En outre, 141 acteurs du monde rural ont \u00e9t\u00e9 faits Chevalier de l\u2019ordre du m\u00e9rite du d\u00e9veloppement rural. Ce 21<sup>e<\/sup> rendez-vous des acteurs du monde rural se tient, sous le th\u00e8me \u00ab\u00a0<em>D\u00e9fi de la s\u00e9curit\u00e9 alimentaire dans un contexte d\u2019ins\u00e9curit\u00e9\u00a0: quelles strat\u00e9gies d\u2019accompagnement des exploitations agro-sylvo-pastorales, halieutiques et fauniques<\/em>\u00a0?\u00a0\u00bb.<\/p>\n<p><img loading=\"lazy\" decoding=\"async\" class=\"size-full wp-image-7321\" src=\"https:\/\/i2.wp.com\/www.sidwaya.info\/wp-content\/uploads\/2019\/04\/DSC_3781-e1556361375813.jpg?resize=427%2C640&#038;ssl=1\" alt=\"\" width=\"427\" height=\"640\" srcset=\"https:\/\/i2.wp.com\/www.sidwaya.info\/wp-content\/uploads\/2019\/04\/DSC_3781-e1556361375813.jpg?w=427&#038;ssl=1 427w, https:\/\/i2.wp.com\/www.sidwaya.info\/wp-content\/uploads\/2019\/04\/DSC_3781-e1556361375813.jpg?resize=200%2C300&#038;ssl=1 200w, https:\/\/i2.wp.com\/www.sidwaya.info\/wp-content\/uploads\/2019\/04\/DSC_3781-e1556361375813.jpg?resize=280%2C420&#038;ssl=1 280w\" sizes=\"auto, (max-width: 427px) 100vw, 427px\" data-recalc-dims=\"1\"\/><\/p>\n<p>Le ministre Salifou Ou\u00e9draogo a laiss\u00e9 entendre que cette th\u00e9matique est plus que d\u2019actualit\u00e9 au regard du contexte s\u00e9curitaire dans la sous-r\u00e9gion en g\u00e9n\u00e9ral et au Burkina Faso en particulier. \u00ab\u00a0<em>Il est donc plus que jamais n\u00e9cessaire de murir les r\u00e9flexions, (\u2026) afin de d\u00e9velopper des m\u00e9canisme efficaces\u00a0 pour assurer la continuit\u00e9 de la production, condition sine qua non de l\u2019atteinte de la s\u00e9curit\u00e9 alimentaire et nutritionnelle dans notre pays<\/em>\u00a0\u00bb, a-t-il dit. Par ailleurs, il a soulign\u00e9 que le d\u00e9veloppement \u00e9conomique et social du Burkina Faso passe par la transformation structurelle de l\u2019agriculture dans toute sa globalit\u00e9. C\u2019est dans ce sens que des actions et mesures de r\u00e9formes ont \u00e9t\u00e9 r\u00e9alis\u00e9es, a-t-il soulign\u00e9. Il s\u2019agit, entre autres, de la cr\u00e9ation de la Banque agricole du Faso, du financement de plus de 645 projets \u00e0 travers le Fond de d\u00e9veloppement de l\u2019\u00e9levage, la diffusion de 17 tonnes de semences foresti\u00e8res am\u00e9lior\u00e9es et la mise en terre de 4\u00a0200\u00a0000 plants. A entendre le pr\u00e9sident national de la Chambre nationale d\u2019agriculture, Moussa Kon\u00e9, c\u2019est dans un contexte difficile marqu\u00e9 par la mont\u00e9e du terrorisme et de la fronde sociale que se tient cette 21<sup>e<\/sup> \u00e9dition de la JNP.<\/p>\n<h3><strong>Les chiffres de la FAO<\/strong><\/h3>\n<p>L\u2019ins\u00e9curit\u00e9, s\u2019est ainsi impos\u00e9e comme une pr\u00e9occupation des acteurs du secteur rural. \u00ab\u00a0<em>Au cours de ces cinq derni\u00e8res ann\u00e9es les performances du secteur agro-sylvo-pastorale halieutique et faunique sont en perp\u00e9tuelle r\u00e9gression, \u00a0maintenant ainsi la population dans un \u00e9tat persistant d\u2019ins\u00e9curit\u00e9 alimentaire et nutritionnelle<\/em>\u00a0\u00bb, a relev\u00e9 M. Kon\u00e9. Et d\u2019informer \u00a0que la chambre nationale d\u2019agriculture envisage dans un court terme de se doter d\u2019un si\u00e8ge dans toutes les r\u00e9gions et provinces. A cet effet, a-t-il poursuivi, \u00a0elle souhaite un accompagnement de l\u2019Etat et des partenaires au d\u00e9veloppement. Pour sa part, le repr\u00e9sentant par int\u00e9rim de la FAO au Burkina Faso, Lotfi Allal, a indiqu\u00e9 que la proportion de personnes sous aliment\u00e9es dans le monde est presque trois fois plus \u00e9lev\u00e9 dans les pays en conflit et en crise prolong\u00e9e que dans les autres pays en d\u00e9veloppement. Au Burkina Faso, a-t-il soulign\u00e9, les analyses de vuln\u00e9rabilit\u00e9 effectu\u00e9es avec le Cadre harmonis\u00e9 en mars 2019 montrent \u00a0qu\u2019environ 687\u00a0000 personnes pourraient tomber en crise (phase 3) dont 25\u00a0000 personnes en urgences (phase4) si aucune intervention d\u2019assistance imm\u00e9diate n\u2019est envisag\u00e9e dans les volets nutrition et sant\u00e9, acc\u00e8s alimentaire et protection des moyens d\u2019existence. \u00ab\u00a0<em>Ces populations se concentrent principalement dans le Sahel (37%), le Centre-Nord (14%) et le Nord (12%), les r\u00e9gions les plus touch\u00e9es par les attaques terroristes et le conflits intercommunautaires<\/em>\u00a0\u00bb, a pr\u00e9cis\u00e9 M. Allal.<\/p>\n<p><img loading=\"lazy\" decoding=\"async\" class=\"size-full wp-image-7322\" src=\"https:\/\/i2.wp.com\/www.sidwaya.info\/wp-content\/uploads\/2019\/04\/DSC_3930.jpg?resize=640%2C427&#038;ssl=1\" alt=\"\" width=\"640\" height=\"427\" srcset=\"https:\/\/i2.wp.com\/www.sidwaya.info\/wp-content\/uploads\/2019\/04\/DSC_3930.jpg?w=640&#038;ssl=1 640w, https:\/\/i2.wp.com\/www.sidwaya.info\/wp-content\/uploads\/2019\/04\/DSC_3930.jpg?resize=300%2C200&#038;ssl=1 300w, https:\/\/i2.wp.com\/www.sidwaya.info\/wp-content\/uploads\/2019\/04\/DSC_3930.jpg?resize=630%2C420&#038;ssl=1 630w\" sizes=\"auto, (max-width: 640px) 100vw, 640px\" data-recalc-dims=\"1\"\/><\/p>\n<p>Le pr\u00e9sident du Faso, Roch Marc Christian Kabor\u00e9 reconnait que les attaques terroristes posent un probl\u00e8me de terrain de culture au cours de cet hivernage<em>. \u00ab\u00a0Ce sont des r\u00e9coltes qui ne seront pas l\u00e0 et il faut continuer \u00e0 faire cet effort jusqu\u2019\u00e0 ce que nous puissions mettre fin \u00e0 l\u2019action du terrorisme dans notre pays. Je voudrais en cette occasion encourager nos forces productives notamment les paysans, souhaiter que cette ann\u00e9e nous ayons une bonne pluviom\u00e9trie et que gr\u00e2ce\u00a0 \u00e0 leur courage et engagement nous puissions avoir de bonne r\u00e9coltes pour le bien du peuple burkinab\u00e8<\/em>\u00a0\u00bb, a soulign\u00e9 le pr\u00e9sident du Faso.<\/p>\n<p class=\"c1\"><strong>Boubi\u00e9 G\u00e9rard BAYALA<\/strong><\/p>\n<div class=\"td-a-rec td-a-rec-id-content_bottom td_uid_31_5cc4cd370f934_rand td_block_template_1\"><img loading=\"lazy\" decoding=\"async\" class=\"alignright size-full wp-image-1724\" src=\"https:\/\/www.sidwaya.info\/wp-content\/uploads\/2018\/12\/sidwaya-pub.jpg\" alt=\"\" width=\"720\" height=\"90\"\/><\/div>\n<p>Auteur: BS. Sidwaya<br \/>\n<a href=\"https:\/\/www.sidwaya.info\/blog\/2019\/04\/27\/21e-edition-de-la-journee-nationale-du-paysan-des-equipements-pour-les-producteurs\/\">Cliquez ici pour lire l&rsquo;article depuis sa source.<\/a><\/p>\n","protected":false},"excerpt":{"rendered":"<p>????????? Le ministre de l\u2019Agriculture et des Am\u00e9nagements hydro-agricoles, Salifou Ou\u00e9draogo a ouvert, la 21e \u00e9dition de la Journ\u00e9e nationale du paysan, ce vendredi 26 avril 2019 \u00e0 Gaoua en pr\u00e9sence du Pr\u00e9sident du Faso, Roch Marc Christian Kabor\u00e9. La c\u00e9r\u00e9monie a \u00e9t\u00e9 marqu\u00e9e par la remise des \u00e9quipements d\u2019une valeur de 77\u00a0680\u00a0000 F CFA [&hellip;]<\/p>\n","protected":false},"author":1816,"featured_media":0,"comment_status":"closed","ping_status":"closed","sticky":false,"template":"","format":"standard","meta":{"fifu_image_url":"","fifu_image_alt":"","footnotes":""},"categories":[73,81],"tags":[],"class_list":["post-30711","post","type-post","status-publish","format-standard","hentry","category-actualite","category-burkina-faso"],"_links":{"self":[{"href":"https:\/\/linitiative.ca\/International\/wp-json\/wp\/v2\/posts\/30711","targetHints":{"allow":["GET"]}}],"collection":[{"href":"https:\/\/linitiative.ca\/International\/wp-json\/wp\/v2\/posts"}],"about":[{"href":"https:\/\/linitiative.ca\/International\/wp-json\/wp\/v2\/types\/post"}],"author":[{"embeddable":true,"href":"https:\/\/linitiative.ca\/International\/wp-json\/wp\/v2\/users\/1816"}],"replies":[{"embeddable":true,"href":"https:\/\/linitiative.ca\/International\/wp-json\/wp\/v2\/comments?post=30711"}],"version-history":[{"count":0,"href":"https:\/\/linitiative.ca\/International\/wp-json\/wp\/v2\/posts\/30711\/revisions"}],"wp:attachment":[{"href":"https:\/\/linitiative.ca\/International\/wp-json\/wp\/v2\/media?parent=30711"}],"wp:term":[{"taxonomy":"category","embeddable":true,"href":"https:\/\/linitiative.ca\/International\/wp-json\/wp\/v2\/categories?post=30711"},{"taxonomy":"post_tag","embeddable":true,"href":"https:\/\/linitiative.ca\/International\/wp-json\/wp\/v2\/tags?post=30711"}],"curies":[{"name":"wp","href":"https:\/\/api.w.org\/{rel}","templated":true}]}}