{"id":30713,"date":"2019-04-27T16:18:03","date_gmt":"2019-04-27T20:18:03","guid":{"rendered":"https:\/\/linitiative.ca\/International\/maroc-deces-de-18-subsahariens-dans-un-accident-de-la-route-entre-saidia-et-nador\/"},"modified":"2019-04-27T16:18:03","modified_gmt":"2019-04-27T20:18:03","slug":"maroc-deces-de-18-subsahariens-dans-un-accident-de-la-route-entre-saidia-et-nador","status":"publish","type":"post","link":"https:\/\/linitiative.ca\/International\/maroc-deces-de-18-subsahariens-dans-un-accident-de-la-route-entre-saidia-et-nador\/","title":{"rendered":"Maroc : D\u00e9c\u00e8s de 18 subsahariens dans un accident de la route entre Saidia et Nador"},"content":{"rendered":"<div readability=\"32\">\n<p>Publi\u00e9 le 27.04.2019 \u00e0 21h18 par APA News<\/p>\n<\/div>\n<div readability=\"52\">\n<p>Dix-huit candidats \u00e0 l\u2019immigration clandestine issus de pays de l\u2019Afrique subsaharienne sont d\u00e9c\u00e9d\u00e9s et 17 autres ont \u00e9t\u00e9 bless\u00e9s plus ou moins gri\u00e8vement, samedi matin suite \u00e0 la chute de leur v\u00e9hicule dans un canal d\u2019irrigation situ\u00e9 sur la route secondaire reliant Saidia et Nador.L\u2019accident s\u2019est poduit lorsque le v\u00e9hicule qui transportait les immigr\u00e9s subsahariens est entr\u00e9 en collision avec un camion au niveau de la r\u00e9gion \u00ab Ain Zebda \u00bb relevant de la commune Laatamna dans la province de Berkane.<\/p>\n<p>Aussit\u00f4t alert\u00e9es, les autorit\u00e9s locales et s\u00e9curitaires et les services de la Protection civile se sont d\u00e9p\u00each\u00e9s sur les lieux de l\u2019accident et ont proc\u00e9d\u00e9 \u00e0 l\u2019\u00e9vacuation des bless\u00e9s \u00e0 l\u2019h\u00f4pital provincial de Berkane pour recevoir les soins n\u00e9cessaires, pr\u00e9cise la m\u00eame source.<\/p>\n<p><ins data-revive-zoneid=\"9\" data-revive-id=\"10111e19d28d19d031742ee3b0b33eb0\"\/> <\/p>\n<p>Une enqu\u00eate a \u00e9t\u00e9 ouverte par les autorit\u00e9s comp\u00e9tentes, sous la supervision du parquet, afin d\u2019\u00e9lucider les circonstances de cet accident et les ramifications de l\u2019organisation de cette tentative d\u2019immigration clandestine, souligne la m\u00eame source, ajoutant que les investigations sont en cours pour arr\u00eater le conducteur du v\u00e9hicule qui avait pris la fuite.<\/p>\n<\/div>\n<p>Auteur: APA News<br \/>\n<a href=\"https:\/\/www.journalducameroun.com\/fr\/maroc-deces-de-18-subsahariens-dans-un-accident-de-la-route-entre-saidia-et-nador\/\">Cliquez ici pour lire l&rsquo;article depuis sa source.<\/a><\/p>\n","protected":false},"excerpt":{"rendered":"<p>Publi\u00e9 le 27.04.2019 \u00e0 21h18 par APA News Dix-huit candidats \u00e0 l\u2019immigration clandestine issus de pays de l\u2019Afrique subsaharienne sont d\u00e9c\u00e9d\u00e9s et 17 autres ont \u00e9t\u00e9 bless\u00e9s plus ou moins gri\u00e8vement, samedi matin suite \u00e0 la chute de leur v\u00e9hicule dans un canal d\u2019irrigation situ\u00e9 sur la route secondaire reliant Saidia et Nador.L\u2019accident s\u2019est poduit [&hellip;]<\/p>\n","protected":false},"author":1965,"featured_media":0,"comment_status":"closed","ping_status":"closed","sticky":false,"template":"","format":"standard","meta":{"fifu_image_url":"","fifu_image_alt":"","footnotes":""},"categories":[73,82],"tags":[],"class_list":["post-30713","post","type-post","status-publish","format-standard","hentry","category-actualite","category-cameroun"],"_links":{"self":[{"href":"https:\/\/linitiative.ca\/International\/wp-json\/wp\/v2\/posts\/30713","targetHints":{"allow":["GET"]}}],"collection":[{"href":"https:\/\/linitiative.ca\/International\/wp-json\/wp\/v2\/posts"}],"about":[{"href":"https:\/\/linitiative.ca\/International\/wp-json\/wp\/v2\/types\/post"}],"author":[{"embeddable":true,"href":"https:\/\/linitiative.ca\/International\/wp-json\/wp\/v2\/users\/1965"}],"replies":[{"embeddable":true,"href":"https:\/\/linitiative.ca\/International\/wp-json\/wp\/v2\/comments?post=30713"}],"version-history":[{"count":0,"href":"https:\/\/linitiative.ca\/International\/wp-json\/wp\/v2\/posts\/30713\/revisions"}],"wp:attachment":[{"href":"https:\/\/linitiative.ca\/International\/wp-json\/wp\/v2\/media?parent=30713"}],"wp:term":[{"taxonomy":"category","embeddable":true,"href":"https:\/\/linitiative.ca\/International\/wp-json\/wp\/v2\/categories?post=30713"},{"taxonomy":"post_tag","embeddable":true,"href":"https:\/\/linitiative.ca\/International\/wp-json\/wp\/v2\/tags?post=30713"}],"curies":[{"name":"wp","href":"https:\/\/api.w.org\/{rel}","templated":true}]}}