{"id":30714,"date":"2019-04-27T16:18:05","date_gmt":"2019-04-27T20:18:05","guid":{"rendered":"https:\/\/linitiative.ca\/International\/le-senegalais-mbagnick-ndiaye-devient-champion-dafrique-des-100-kgs\/"},"modified":"2019-04-27T16:18:05","modified_gmt":"2019-04-27T20:18:05","slug":"le-senegalais-mbagnick-ndiaye-devient-champion-dafrique-des-100-kgs","status":"publish","type":"post","link":"https:\/\/linitiative.ca\/International\/le-senegalais-mbagnick-ndiaye-devient-champion-dafrique-des-100-kgs\/","title":{"rendered":"Le s\u00e9n\u00e9galais Mbagnick Ndiaye devient champion d\u2019Afrique des 100 kgs"},"content":{"rendered":"<div readability=\"32\">\n<p>Publi\u00e9 le 27.04.2019 \u00e0 21h18 par APA News<\/p>\n<\/div>\n<div readability=\"45\">\n<p>Le s\u00e9n\u00e9galais Mbagnick Ndiaye est sacr\u00e9 champion d\u2019Afrique de judo dans la cat\u00e9gorie des 100 kilos lors de la 40\u00e8me \u00e9dition du champion d\u2019Afrique senior de judo \u00e0 Cape Town (Afrique du Sud).Le S\u00e9n\u00e9gal a brill\u00e9 lors de ce grand rendez-vous continental avec le sacre de Mbagnick Ndiaye dans la cat\u00e9gorie des moins de 100 kilos. Une victoire acquise en finale de l\u2019alg\u00e9rien Mouhamed Belrekaa<\/p>\n<p>\u00a0Un bel exploit pour le judokat s\u00e9n\u00e9galais qui rejoint Me Karim Seck, dernier s\u00e9n\u00e9galais a avoir \u00e9t\u00e9 sacr\u00e9 dans cette cat\u00e9gorie.\u00a0<\/p>\n<p>Le S\u00e9n\u00e9gal avait d\u00e9j\u00e0 d\u00e9croche sa premi\u00e8re m\u00e9daille de bronze vendredi avec la troisi\u00e8me place de Abdourahmane Diao dans la cat\u00e9gorie des -90 kg.<\/p>\n<p><ins data-revive-zoneid=\"9\" data-revive-id=\"10111e19d28d19d031742ee3b0b33eb0\"\/> <\/p>\n<p>La d\u00e9l\u00e9gation s\u00e9n\u00e9galaise est assur\u00e9e de ne pas rentrer bredouille durant ces joutes continentales qui s\u2019ach\u00e8vent ce dimanche.<\/p>\n<\/div>\n<p>Auteur: APA News<br \/>\n<a href=\"https:\/\/www.journalducameroun.com\/fr\/le-senegalais-mbagnick-ndiaye-devient-champion-dafrique-des-100-kgs\/\">Cliquez ici pour lire l&rsquo;article depuis sa source.<\/a><\/p>\n","protected":false},"excerpt":{"rendered":"<p>Publi\u00e9 le 27.04.2019 \u00e0 21h18 par APA News Le s\u00e9n\u00e9galais Mbagnick Ndiaye est sacr\u00e9 champion d\u2019Afrique de judo dans la cat\u00e9gorie des 100 kilos lors de la 40\u00e8me \u00e9dition du champion d\u2019Afrique senior de judo \u00e0 Cape Town (Afrique du Sud).Le S\u00e9n\u00e9gal a brill\u00e9 lors de ce grand rendez-vous continental avec le sacre de Mbagnick [&hellip;]<\/p>\n","protected":false},"author":1965,"featured_media":0,"comment_status":"closed","ping_status":"closed","sticky":false,"template":"","format":"standard","meta":{"fifu_image_url":"","fifu_image_alt":"","footnotes":""},"categories":[73,82],"tags":[],"class_list":["post-30714","post","type-post","status-publish","format-standard","hentry","category-actualite","category-cameroun"],"_links":{"self":[{"href":"https:\/\/linitiative.ca\/International\/wp-json\/wp\/v2\/posts\/30714","targetHints":{"allow":["GET"]}}],"collection":[{"href":"https:\/\/linitiative.ca\/International\/wp-json\/wp\/v2\/posts"}],"about":[{"href":"https:\/\/linitiative.ca\/International\/wp-json\/wp\/v2\/types\/post"}],"author":[{"embeddable":true,"href":"https:\/\/linitiative.ca\/International\/wp-json\/wp\/v2\/users\/1965"}],"replies":[{"embeddable":true,"href":"https:\/\/linitiative.ca\/International\/wp-json\/wp\/v2\/comments?post=30714"}],"version-history":[{"count":0,"href":"https:\/\/linitiative.ca\/International\/wp-json\/wp\/v2\/posts\/30714\/revisions"}],"wp:attachment":[{"href":"https:\/\/linitiative.ca\/International\/wp-json\/wp\/v2\/media?parent=30714"}],"wp:term":[{"taxonomy":"category","embeddable":true,"href":"https:\/\/linitiative.ca\/International\/wp-json\/wp\/v2\/categories?post=30714"},{"taxonomy":"post_tag","embeddable":true,"href":"https:\/\/linitiative.ca\/International\/wp-json\/wp\/v2\/tags?post=30714"}],"curies":[{"name":"wp","href":"https:\/\/api.w.org\/{rel}","templated":true}]}}