{"id":30715,"date":"2019-04-27T16:18:06","date_gmt":"2019-04-27T20:18:06","guid":{"rendered":"https:\/\/linitiative.ca\/International\/mise-en-place-du-syndicat-national-des-producteurs-dhevea-de-cote-divoire\/"},"modified":"2019-04-27T16:18:06","modified_gmt":"2019-04-27T20:18:06","slug":"mise-en-place-du-syndicat-national-des-producteurs-dhevea-de-cote-divoire","status":"publish","type":"post","link":"https:\/\/linitiative.ca\/International\/mise-en-place-du-syndicat-national-des-producteurs-dhevea-de-cote-divoire\/","title":{"rendered":"Mise en place du Syndicat national des producteurs d\u2019h\u00e9v\u00e9a de C\u00f4te d\u2019Ivoire"},"content":{"rendered":"<div readability=\"32\">\n<p>Publi\u00e9 le 27.04.2019 \u00e0 21h18 par APA News<\/p>\n<\/div>\n<div readability=\"109\">\n<p>Le Syndicat national des producteurs d\u2019h\u00e9v\u00e9a de C\u00f4te d\u2019Ivoire (SYNAP-HECI) a \u00e9t\u00e9 mis en place, samedi, \u00e0 l\u2019issue d\u2019une Assembl\u00e9e g\u00e9n\u00e9rale constitutive tenue \u00e0 Bonoua dans le Sud ivoirien \u00e0 une soixantaine de km d\u2019Abidjan pour \u00abd\u00e9fendre les int\u00e9r\u00eats financiers, moraux et mat\u00e9riels des producteurs d\u2019h\u00e9v\u00e9a\u00bb, a constat\u00e9 APA sur place.Apr\u00e8s l\u2019adoption des statuts et du r\u00e8glement int\u00e9rieur, les participants ont \u00e9lu par acclamation Patrice Aka At\u00e9k\u00e9bl\u00e9, un fonctionnaire du secteur \u00e9ducation \u00e0 la retraite, au poste de pr\u00e9sident de ce syndicat pour un mandat de deux ans renouvelable une seule fois. \u00a0<\/p>\n<p>Le premier pr\u00e9sident du Syndicat national des producteurs d\u2019h\u00e9v\u00e9a de C\u00f4te d\u2019Ivoire entend mobiliser les acteurs de la fili\u00e8re pour le respect du prix de l\u2019h\u00e9v\u00e9a fix\u00e9 par les structures comp\u00e9tentes.<\/p>\n<p>Exprimant sa fiert\u00e9 de voir \u00ab tout ce monde venu de tous les horizons de la C\u00f4te d\u2019Ivoire pour une cause commune \u00bb, M. At\u00e9k\u00e9bl\u00e9, a soulign\u00e9 \u00e0 propos du prix de l\u2019h\u00e9v\u00e9a que \u00ab nous devrons faire en sorte que personne ne gruge\u00bb.<\/p>\n<p>\u00ab Nous voulons que les prix restent tels que fix\u00e9s par l\u2019APROMAC (Association des professionnels du caoutchouc naturel de C\u00f4te d\u2019Ivoire). L\u2019acheteur qui n\u2019est pas pr\u00eat \u00e0 acheter au prix de l\u2019APROMAC, on lui refuse notre production \u00bb, a-t-il ajout\u00e9, estimant que \u00ab nous luttons pour aider le gouvernement parce que \u00a0le prix fix\u00e9 doit \u00eatre respect\u00e9. On ne doit pas payer en de\u00e7\u00e0 de ce que le gouvernement a fix\u00e9 \u00bb.<\/p>\n<p>Le syndicaliste Patrice Aka At\u00e9k\u00e9bl\u00e9 ambitionne \u00e9galement de s\u2019attaquer \u00e0 la fraude au niveau des ponts de pesage. \u00a0\u00ab Les autres combats s\u2019articulent au niveau des ponts de pesage. Il y a trop de fraudes \u00e0 ce niveau. L\u00e0 encore, nous allons nous battre pour changer \u00e7a \u00bb a-t-il insist\u00e9.<\/p>\n<p>\u00abNous avons attir\u00e9 l\u2019attention du minist\u00e8re du commerce pour \u00eatre avec nous dans ce combat de contr\u00f4le des ponts de pesage.\u00bb, a ajout\u00e9 Patrice Aka At\u00e9k\u00e9bl\u00e9.<\/p>\n<p>Dans le m\u00eame \u00e9lan, il a d\u00e9plor\u00e9 que \u00ab les producteurs sont contraints de vendre leur production \u00e0 tous les prix parce qu\u2019ils ne peuvent pas manger l\u2019h\u00e9v\u00e9a \u00bb. Les producteurs \u00ab ne savent pas o\u00f9 l\u2019envoyer \u00bb, et pendant ce temps, \u00ab ils ont des enfants \u00e0 l\u2019\u00e9cole \u00bb, une situation qui les oblige \u00e0 \u00ab livrer leur produit \u00e0 vil prix \u00bb.<\/p>\n<p><ins data-revive-zoneid=\"9\" data-revive-id=\"10111e19d28d19d031742ee3b0b33eb0\"\/> <\/p>\n<p>Par ailleurs, les deux postes de Commissaires aux comptes du syndicat ont \u00e9chu \u00e0 Pierre Vanga Ettien et Xavier Fran\u00e7ois Oulaye Zohou.<\/p>\n<p>Dans une motion de soutien lue \u00e0 la fin des travaux, les producteurs d\u2019h\u00e9v\u00e9a ont salu\u00e9 le discours du chef de l\u2019Etat Alassane Ouattara du 31 d\u00e9cembre 2018 ax\u00e9 sur le social. Ils l\u2019ont encourag\u00e9 \u00e0 \u00ab pers\u00e9v\u00e9rer dans cette voie en vue de relever le niveau de vie des populations \u00bb. \u00a0<\/p>\n<p>Le ministre ivoirien de l\u2019agriculture et du d\u00e9veloppement rural a \u00e9t\u00e9 instruit en mars dernier par le gouvernement, \u00ab \u00e0 l\u2019effet de prendre les mesures diligentes pour d\u00e9gager les ressources n\u00e9cessaires pour l\u2019op\u00e9rationnalisation du Conseil h\u00e9v\u00e9a-palmier \u00e0 huile\u00bb.<\/p>\n<p>Ce Conseil qui est l\u2019organe \u00a0de r\u00e9gulation, \u00a0de contr\u00f4le et de suivi \u00a0des \u00a0activit\u00e9s de la fili\u00e8re a \u00e9t\u00e9 mis en \u00a0place dans le cadre de la poursuite de la restructuration et du d\u00e9veloppement des fili\u00e8res agricoles.<\/p>\n<p>La C\u00f4te d\u2019Ivoire, premier pays producteur d\u2019h\u00e9v\u00e9a en Afrique, repr\u00e9sente 60% de la production du continent, soit environ 350.000 tonnes. Dans ce pays, l\u2019h\u00e9v\u00e9a \u00a0fait vivre directement ou indirectement plus d\u2019un million de personnes.\u00a0<\/p>\n<p>La C\u00f4te d\u2019Ivoire est le 9\u00e8 producteur mondial et 2\u00e8 producteur africain d\u2019huile de palme avec 420 000 tonnes d\u2019huile brute.<\/p>\n<\/div>\n<p>Auteur: APA News<br \/>\n<a href=\"https:\/\/www.journalducameroun.com\/fr\/mise-en-place-du-syndicat-national-des-producteurs-dhevea-de-cote-divoire\/\">Cliquez ici pour lire l&rsquo;article depuis sa source.<\/a><\/p>\n","protected":false},"excerpt":{"rendered":"<p>Publi\u00e9 le 27.04.2019 \u00e0 21h18 par APA News Le Syndicat national des producteurs d\u2019h\u00e9v\u00e9a de C\u00f4te d\u2019Ivoire (SYNAP-HECI) a \u00e9t\u00e9 mis en place, samedi, \u00e0 l\u2019issue d\u2019une Assembl\u00e9e g\u00e9n\u00e9rale constitutive tenue \u00e0 Bonoua dans le Sud ivoirien \u00e0 une soixantaine de km d\u2019Abidjan pour \u00abd\u00e9fendre les int\u00e9r\u00eats financiers, moraux et mat\u00e9riels des producteurs d\u2019h\u00e9v\u00e9a\u00bb, a [&hellip;]<\/p>\n","protected":false},"author":1965,"featured_media":0,"comment_status":"closed","ping_status":"closed","sticky":false,"template":"","format":"standard","meta":{"fifu_image_url":"","fifu_image_alt":"","footnotes":""},"categories":[73,82],"tags":[],"class_list":["post-30715","post","type-post","status-publish","format-standard","hentry","category-actualite","category-cameroun"],"_links":{"self":[{"href":"https:\/\/linitiative.ca\/International\/wp-json\/wp\/v2\/posts\/30715","targetHints":{"allow":["GET"]}}],"collection":[{"href":"https:\/\/linitiative.ca\/International\/wp-json\/wp\/v2\/posts"}],"about":[{"href":"https:\/\/linitiative.ca\/International\/wp-json\/wp\/v2\/types\/post"}],"author":[{"embeddable":true,"href":"https:\/\/linitiative.ca\/International\/wp-json\/wp\/v2\/users\/1965"}],"replies":[{"embeddable":true,"href":"https:\/\/linitiative.ca\/International\/wp-json\/wp\/v2\/comments?post=30715"}],"version-history":[{"count":0,"href":"https:\/\/linitiative.ca\/International\/wp-json\/wp\/v2\/posts\/30715\/revisions"}],"wp:attachment":[{"href":"https:\/\/linitiative.ca\/International\/wp-json\/wp\/v2\/media?parent=30715"}],"wp:term":[{"taxonomy":"category","embeddable":true,"href":"https:\/\/linitiative.ca\/International\/wp-json\/wp\/v2\/categories?post=30715"},{"taxonomy":"post_tag","embeddable":true,"href":"https:\/\/linitiative.ca\/International\/wp-json\/wp\/v2\/tags?post=30715"}],"curies":[{"name":"wp","href":"https:\/\/api.w.org\/{rel}","templated":true}]}}