{"id":30716,"date":"2019-04-27T16:18:09","date_gmt":"2019-04-27T20:18:09","guid":{"rendered":"https:\/\/linitiative.ca\/International\/les-8-reines-a-laffiche-du-femua-12-celebrees-par-le-bureau-ivoirien-du-droit-dauteur\/"},"modified":"2019-04-27T16:18:09","modified_gmt":"2019-04-27T20:18:09","slug":"les-8-reines-a-laffiche-du-femua-12-celebrees-par-le-bureau-ivoirien-du-droit-dauteur","status":"publish","type":"post","link":"https:\/\/linitiative.ca\/International\/les-8-reines-a-laffiche-du-femua-12-celebrees-par-le-bureau-ivoirien-du-droit-dauteur\/","title":{"rendered":"Les \u00ab8 reines\u00bb \u00e0 l\u2019affiche du FEMUA 12 c\u00e9l\u00e9br\u00e9es par le Bureau ivoirien du droit d\u2019auteur"},"content":{"rendered":"<div readability=\"32\">\n<p>Publi\u00e9 le 27.04.2019 \u00e0 21h18 par APA News<\/p>\n<\/div>\n<div readability=\"70\">\n<p>Le Bureau ivoirien du droit d\u2019auteur (BURIDA), l\u2019institution de gestion collective du droit d\u2019auteur et des droits voisins en C\u00f4te d\u2019Ivoire, a c\u00e9l\u00e9br\u00e9 dans la nuit de jeudi \u00e0 vendredi \u00e0 Abidjan, les huit artistes chanteuses \u00e0 l\u2019affiche de la 12\u00e8 \u00e9dition du festival des musiques urbaines d\u2019Anoumabo (FEMUA), indique une note d\u2019information transmise vendredi \u00e0 APA.Il s\u2019agit de Oumou Sangar\u00e9, Allah Th\u00e9r\u00e8se, Josey, Chantal Ta\u00efba, Claire Bailly, Mani Bella, Chidinma et Maria Bissongo.<\/p>\n<p>\u00ab Au cours d\u2019un d\u00eener-Causerie, la directrice g\u00e9n\u00e9rale du BURIDA, Ir\u00e8ne Viera et ses convives ( les 8 artistes chanteuses) ont, pour l\u2019essentiel \u00e9chang\u00e9 sur le th\u00e8me \u00a0\u00bbGenre et art\u00a0\u00bb\u00bb, souligne la note, expliquant qu\u2019au cours de cette rencontre, Mme Viera et ses invit\u00e9es ont lev\u00e9 l\u2019\u00e9quivoque sur les pr\u00e9jug\u00e9s qui entourent les femmes artistes.<\/p>\n<p>\u00ab On parle de l\u2019acc\u00e8s des femmes au financement. La question du financement de l\u2019art est d\u00e9j\u00e0 un probl\u00e8me. Ce probl\u00e8me est d\u00e9cupl\u00e9 quand il s\u2019agit des femmes artistes. Ce qui nous a motiv\u00e9 \u00e0 initier en marge du FEMUA un d\u00eener du BURIDA avec les huit femmes qui ont \u00e9t\u00e9 s\u00e9lectionn\u00e9es sur les sc\u00e8nes de ce festival \u00bb, a fait savoir la directrice g\u00e9n\u00e9rale du BURIDA.<\/p>\n<p><ins data-revive-zoneid=\"9\" data-revive-id=\"10111e19d28d19d031742ee3b0b33eb0\"\/> <\/p>\n<p>\u00a0\u00ab Ce fut l\u2019occasion d\u2019\u00e9changer sur les questions du genre et surtout la participation des femmes dans le domaine artistique et musical \u00bb, conclut la note.<\/p>\n<p>Le FEMUA qui est l\u2019un des plus grands festivals de la sous-r\u00e9gion ouest africaine est organis\u00e9 chaque ann\u00e9e par le groupe musical ivoirien \u00ab Magic System \u00bb. Cette douzi\u00e8me \u00e9dition de ce festival qui s\u2019est ouverte mardi autour du th\u00e8me \u00ab Genre et d\u00e9veloppement \u00bb s\u2019ach\u00e8ve dimanche.<\/p>\n<\/div>\n<p>Auteur: APA News<br \/>\n<a href=\"https:\/\/www.journalducameroun.com\/fr\/les-8-reines-a-laffiche-du-femua-12-celebrees-par-le-bureau-ivoirien-du-droit-dauteur\/\">Cliquez ici pour lire l&rsquo;article depuis sa source.<\/a><\/p>\n","protected":false},"excerpt":{"rendered":"<p>Publi\u00e9 le 27.04.2019 \u00e0 21h18 par APA News Le Bureau ivoirien du droit d\u2019auteur (BURIDA), l\u2019institution de gestion collective du droit d\u2019auteur et des droits voisins en C\u00f4te d\u2019Ivoire, a c\u00e9l\u00e9br\u00e9 dans la nuit de jeudi \u00e0 vendredi \u00e0 Abidjan, les huit artistes chanteuses \u00e0 l\u2019affiche de la 12\u00e8 \u00e9dition du festival des musiques urbaines [&hellip;]<\/p>\n","protected":false},"author":1965,"featured_media":0,"comment_status":"closed","ping_status":"closed","sticky":false,"template":"","format":"standard","meta":{"fifu_image_url":"","fifu_image_alt":"","footnotes":""},"categories":[73,82],"tags":[],"class_list":["post-30716","post","type-post","status-publish","format-standard","hentry","category-actualite","category-cameroun"],"_links":{"self":[{"href":"https:\/\/linitiative.ca\/International\/wp-json\/wp\/v2\/posts\/30716","targetHints":{"allow":["GET"]}}],"collection":[{"href":"https:\/\/linitiative.ca\/International\/wp-json\/wp\/v2\/posts"}],"about":[{"href":"https:\/\/linitiative.ca\/International\/wp-json\/wp\/v2\/types\/post"}],"author":[{"embeddable":true,"href":"https:\/\/linitiative.ca\/International\/wp-json\/wp\/v2\/users\/1965"}],"replies":[{"embeddable":true,"href":"https:\/\/linitiative.ca\/International\/wp-json\/wp\/v2\/comments?post=30716"}],"version-history":[{"count":0,"href":"https:\/\/linitiative.ca\/International\/wp-json\/wp\/v2\/posts\/30716\/revisions"}],"wp:attachment":[{"href":"https:\/\/linitiative.ca\/International\/wp-json\/wp\/v2\/media?parent=30716"}],"wp:term":[{"taxonomy":"category","embeddable":true,"href":"https:\/\/linitiative.ca\/International\/wp-json\/wp\/v2\/categories?post=30716"},{"taxonomy":"post_tag","embeddable":true,"href":"https:\/\/linitiative.ca\/International\/wp-json\/wp\/v2\/tags?post=30716"}],"curies":[{"name":"wp","href":"https:\/\/api.w.org\/{rel}","templated":true}]}}