{"id":30718,"date":"2019-04-27T16:18:16","date_gmt":"2019-04-27T20:18:16","guid":{"rendered":"https:\/\/linitiative.ca\/International\/femua-12-long-burkinabe-wend-puire-en-attraction-avec-ses-produits-a-base-de-miel\/"},"modified":"2019-04-27T16:18:16","modified_gmt":"2019-04-27T20:18:16","slug":"femua-12-long-burkinabe-wend-puire-en-attraction-avec-ses-produits-a-base-de-miel","status":"publish","type":"post","link":"https:\/\/linitiative.ca\/International\/femua-12-long-burkinabe-wend-puire-en-attraction-avec-ses-produits-a-base-de-miel\/","title":{"rendered":"FEMUA 12: l\u2019ONG  burkinab\u00e9  Wend Puir\u00e9 en attraction avec ses produits \u00e0 base de miel"},"content":{"rendered":"<div readability=\"32\">\n<p>Publi\u00e9 le 27.04.2019 \u00e0 21h18 par APA News<\/p>\n<\/div>\n<div readability=\"91\">\n<p>Le Burkina Faso, pays \u00e0 l\u2019honneur \u00e0 la 12\u00e8 \u00e9dition du Festival des musiques urbaines d\u2019Anoumabo (FEMUA 12) est bien pr\u00e9sent \u00e0 travers des exposants venus du pays des hommes int\u00e8gres dont l\u2019ONG Wend Puir\u00e9 qui travaille dans la promotion de l\u2019apiculture avec pour objectif principal de faire de l\u2019\u00e9levage d\u2019abeilles \u00e0 miel un outil \u00e9conomique au service du monde paysan.Mme Marcelline Bationo, la responsable du stand, explique que le coordonnateur de l\u2019ONG Wend Puir\u00e9 (qui signifie la part de Dieu en langue Moor\u00e9), D\u00e9sir\u00e9-Marie \u00a0Yam\u00e9ogo, professeur d\u2019Allemand, a \u00e9t\u00e9 inspir\u00e9 par le milieu apicole lors d\u2019un voyage en Europe.<\/p>\n<p>\u00ab A son retour au pays, il lance un projet autour du miel (\u2026). Associ\u00e9 \u00e0 une dizaine de paysans, il cr\u00e9e l\u2019association Wend Puir\u00e9 avec la conviction que l\u2019apiculture et l\u2019exploitation des produits de la ruche pourront aider le monde paysan \u00e0 am\u00e9liorer ses conditions de vie \u00bb, raconte-t-elle.<\/p>\n<p>D\u00e9sir\u00e9 Yam\u00e9ogo, poursuit sa collaboratrice, s\u2019installe en 1999 dans le Boulkiemd\u00e9, province de la R\u00e9gion Centre-Ouest du Burkina Faso o\u00f9 beaucoup de paysans adh\u00e8rent au projet d\u2019une \u00ab apiculture moderne, adapt\u00e9e au terrain et au type d\u2019abeilles existantes \u00bb.<\/p>\n<p>Les paysans b\u00e9n\u00e9ficient de formations et d\u2019appuis aux nouvelles techniques de l\u2019apiculture, notamment, \u00abl\u2019utilisation de l\u2019enfumoir, de la ruche kenyane, de m\u00e9thodes pour suivre l\u2019\u00e9volution des colonies d\u2019abeilles \u00bb, pr\u00e9cise Mme Bationo.<\/p>\n<p>Aujourd\u2019hui, Wend Puir\u00e9 compte plus de 4 000 apiculteurs r\u00e9partis sur tout le territoire Burkinab\u00e9 et emploie une soixantaine de travailleurs permanents. L\u2019ONG dispose de quatre centres apicoles dont un centre de formation professionnelle et de recherche en apiculture.<\/p>\n<p><ins data-revive-zoneid=\"9\" data-revive-id=\"10111e19d28d19d031742ee3b0b33eb0\"\/> <\/p>\n<p>\u00ab En moins d\u2019une d\u00e9cennie, Wend Puir\u00e9 s\u2019est bien \u00a0positionn\u00e9e dans l\u2019esprit des consommateurs des produits de la ruche au niveau national. Elle a remport\u00e9 successivement le troph\u00e9e du meilleur exportateur de la fili\u00e8re miel en 2016 et 2017 \u00bb, se r\u00e9jouit Marcelline Bationo, soulignant que \u00ab ces apiculteurs sont form\u00e9s et encadr\u00e9s par les techniciens en apiculture de l\u2019ONG pour offrir un miel naturel de qualit\u00e9 contr\u00f4l\u00e9e depuis la ruche \u00bb.<\/p>\n<p>Les produits Wend Puir\u00e9 sont commercialis\u00e9s sous la marque Apisavana. Ainsi, on d\u00e9couvre au stand l\u2019hydromel (liqueur de miel), le vin de miel, la cr\u00e8me \u00e0 l\u00e8vres, la pommade et savon \u00e0 la propolis\u2026tous manufactur\u00e9s avec du miel.<\/p>\n<p>Les festivaliers \u00a0du FEMUA 12 prennent r\u00e9guli\u00e8rement d\u2019assaut ce stand pour d\u00e9guster les produits de Wend Puir\u00e9 avant de s\u2019en procurer \u00e0 l\u2019image Jean-Philippe N\u2019guessan qui vante les vertus du vin au miel.<\/p>\n<\/div>\n<p>Auteur: APA News<br \/>\n<a href=\"https:\/\/www.journalducameroun.com\/fr\/femua-12-long-burkinabe-wend-puire-en-attraction-avec-ses-produits-a-base-de-miel\/\">Cliquez ici pour lire l&rsquo;article depuis sa source.<\/a><\/p>\n","protected":false},"excerpt":{"rendered":"<p>Publi\u00e9 le 27.04.2019 \u00e0 21h18 par APA News Le Burkina Faso, pays \u00e0 l\u2019honneur \u00e0 la 12\u00e8 \u00e9dition du Festival des musiques urbaines d\u2019Anoumabo (FEMUA 12) est bien pr\u00e9sent \u00e0 travers des exposants venus du pays des hommes int\u00e8gres dont l\u2019ONG Wend Puir\u00e9 qui travaille dans la promotion de l\u2019apiculture avec pour objectif principal de [&hellip;]<\/p>\n","protected":false},"author":1965,"featured_media":0,"comment_status":"closed","ping_status":"closed","sticky":false,"template":"","format":"standard","meta":{"fifu_image_url":"","fifu_image_alt":"","footnotes":""},"categories":[73,82],"tags":[],"class_list":["post-30718","post","type-post","status-publish","format-standard","hentry","category-actualite","category-cameroun"],"_links":{"self":[{"href":"https:\/\/linitiative.ca\/International\/wp-json\/wp\/v2\/posts\/30718","targetHints":{"allow":["GET"]}}],"collection":[{"href":"https:\/\/linitiative.ca\/International\/wp-json\/wp\/v2\/posts"}],"about":[{"href":"https:\/\/linitiative.ca\/International\/wp-json\/wp\/v2\/types\/post"}],"author":[{"embeddable":true,"href":"https:\/\/linitiative.ca\/International\/wp-json\/wp\/v2\/users\/1965"}],"replies":[{"embeddable":true,"href":"https:\/\/linitiative.ca\/International\/wp-json\/wp\/v2\/comments?post=30718"}],"version-history":[{"count":0,"href":"https:\/\/linitiative.ca\/International\/wp-json\/wp\/v2\/posts\/30718\/revisions"}],"wp:attachment":[{"href":"https:\/\/linitiative.ca\/International\/wp-json\/wp\/v2\/media?parent=30718"}],"wp:term":[{"taxonomy":"category","embeddable":true,"href":"https:\/\/linitiative.ca\/International\/wp-json\/wp\/v2\/categories?post=30718"},{"taxonomy":"post_tag","embeddable":true,"href":"https:\/\/linitiative.ca\/International\/wp-json\/wp\/v2\/tags?post=30718"}],"curies":[{"name":"wp","href":"https:\/\/api.w.org\/{rel}","templated":true}]}}