{"id":30719,"date":"2019-04-27T17:18:03","date_gmt":"2019-04-27T21:18:03","guid":{"rendered":"https:\/\/linitiative.ca\/International\/casablanca-abrite-la-7eme-edition-de-hub-africa\/"},"modified":"2019-04-27T17:18:03","modified_gmt":"2019-04-27T21:18:03","slug":"casablanca-abrite-la-7eme-edition-de-hub-africa","status":"publish","type":"post","link":"https:\/\/linitiative.ca\/International\/casablanca-abrite-la-7eme-edition-de-hub-africa\/","title":{"rendered":"Casablanca abrite la 7\u00e8me \u00e9dition de Hub Africa"},"content":{"rendered":"<div readability=\"32\">\n<p>Publi\u00e9 le 27.04.2019 \u00e0 22h18 par APA News<\/p>\n<\/div>\n<div readability=\"58\">\n<p>La 7\u00e8me \u00e9dition de \u00ab HUB Africa \u00bb, 1\u00e8re plateforme des investisseurs et des entrepreneurs en Afrique, se d\u00e9roulera les 12 et 13 juin prochain \u00e0 Casablanca sous le th\u00e8me \u00ab Open innovation au service de la PME Africaine \u00bb.Cette \u00e9dition, qui mettra l\u2019Egypte \u00e0 l\u2019honneur, pr\u00e9voit un programme riche Au c activit\u00e9s. Ainsi, les participants discuteront de th\u00e9matiques diverses li\u00e9es notamment \u00e0 la transformation digitale, au financement de l\u2019innovation et de la recherche en Afrique, \u00e0 l\u2019apport du digital dans le d\u00e9veloppement des entreprises et \u00e0 l\u2019impact de la r\u00e9volution digitale sur les m\u00e9tiers, les organisations et les hommes.<\/p>\n<p>Les discussions seront ax\u00e9es aussi sur le r\u00f4le des universit\u00e9s et des \u00e9coles de formation dans l\u2019innovation, les Smart Cities et open innovation et les partenariats \u00e0 l\u2019\u00e8re de la technologie.<\/p>\n<p>Hub Africa est un \u00e9v\u00e9nement annuel qui rassemble startups, PME et grandes entreprises africaines pour leur permettre de tisser des contacts professionnels avec les r\u00e9seaux d\u2019affaires, institutionnels et de financement.<\/p>\n<p><ins data-revive-zoneid=\"9\" data-revive-id=\"10111e19d28d19d031742ee3b0b33eb0\"\/> <\/p>\n<p>Il leur offre \u00e9galement l\u2019opportunit\u00e9 de partager leurs experiences et de discuter de leurs r\u00e9alisations, succ\u00e8s et des difficult\u00e9s rencontr\u00e9es.<\/p>\n<\/div>\n<p>Auteur: APA News<br \/>\n<a href=\"https:\/\/www.journalducameroun.com\/fr\/casablanca-abrite-la-7eme-edition-de-hub-africa\/\">Cliquez ici pour lire l&rsquo;article depuis sa source.<\/a><\/p>\n","protected":false},"excerpt":{"rendered":"<p>Publi\u00e9 le 27.04.2019 \u00e0 22h18 par APA News La 7\u00e8me \u00e9dition de \u00ab HUB Africa \u00bb, 1\u00e8re plateforme des investisseurs et des entrepreneurs en Afrique, se d\u00e9roulera les 12 et 13 juin prochain \u00e0 Casablanca sous le th\u00e8me \u00ab Open innovation au service de la PME Africaine \u00bb.Cette \u00e9dition, qui mettra l\u2019Egypte \u00e0 l\u2019honneur, pr\u00e9voit [&hellip;]<\/p>\n","protected":false},"author":1965,"featured_media":0,"comment_status":"closed","ping_status":"closed","sticky":false,"template":"","format":"standard","meta":{"fifu_image_url":"","fifu_image_alt":"","footnotes":""},"categories":[73,82],"tags":[],"class_list":["post-30719","post","type-post","status-publish","format-standard","hentry","category-actualite","category-cameroun"],"_links":{"self":[{"href":"https:\/\/linitiative.ca\/International\/wp-json\/wp\/v2\/posts\/30719","targetHints":{"allow":["GET"]}}],"collection":[{"href":"https:\/\/linitiative.ca\/International\/wp-json\/wp\/v2\/posts"}],"about":[{"href":"https:\/\/linitiative.ca\/International\/wp-json\/wp\/v2\/types\/post"}],"author":[{"embeddable":true,"href":"https:\/\/linitiative.ca\/International\/wp-json\/wp\/v2\/users\/1965"}],"replies":[{"embeddable":true,"href":"https:\/\/linitiative.ca\/International\/wp-json\/wp\/v2\/comments?post=30719"}],"version-history":[{"count":0,"href":"https:\/\/linitiative.ca\/International\/wp-json\/wp\/v2\/posts\/30719\/revisions"}],"wp:attachment":[{"href":"https:\/\/linitiative.ca\/International\/wp-json\/wp\/v2\/media?parent=30719"}],"wp:term":[{"taxonomy":"category","embeddable":true,"href":"https:\/\/linitiative.ca\/International\/wp-json\/wp\/v2\/categories?post=30719"},{"taxonomy":"post_tag","embeddable":true,"href":"https:\/\/linitiative.ca\/International\/wp-json\/wp\/v2\/tags?post=30719"}],"curies":[{"name":"wp","href":"https:\/\/api.w.org\/{rel}","templated":true}]}}