{"id":30720,"date":"2019-04-27T17:18:04","date_gmt":"2019-04-27T21:18:04","guid":{"rendered":"https:\/\/linitiative.ca\/International\/mulukuku-dj-enflamme-le-public-au-femua-12-avec-des-selections-de-arafat-dj\/"},"modified":"2019-04-27T17:18:04","modified_gmt":"2019-04-27T21:18:04","slug":"mulukuku-dj-enflamme-le-public-au-femua-12-avec-des-selections-de-arafat-dj","status":"publish","type":"post","link":"https:\/\/linitiative.ca\/International\/mulukuku-dj-enflamme-le-public-au-femua-12-avec-des-selections-de-arafat-dj\/","title":{"rendered":"Mulukuku Dj enflamme le public au Femua 12 avec des s\u00e9lections de Arafat Dj"},"content":{"rendered":"<div readability=\"32\">\n<p>Publi\u00e9 le 27.04.2019 \u00e0 22h18 par APA News<\/p>\n<\/div>\n<div readability=\"102\">\n<p>L\u2019artiste ivoirien Mulukuku Dj, un adepte du Coup\u00e9 d\u00e9cal\u00e9, a \u00e9gay\u00e9 vendredi soir le public abidjanais \u00e0 un concert du Festival des musiques urbaines d\u2019Anoumabo (Femua 12) avec des s\u00e9lections de Arafat Dj et plusieurs rythmes, derri\u00e8re un plateau de mixage.Ses casques \u00e0 l\u2019oreille, Mulukuku mixte les sons sur la platine et \u00a0les balance au public, qui reprend les termes du chant de Arafat Dj, \u00a0dans une \u00e9nergie \u00e9poustouflante, amplifiant l\u2019\u00e9cho dans l\u2019enceinte de \u00a0l\u2019Institut national de la jeunesse et des sports (INJS), espace abritant \u00a0la sc\u00e8ne.\u00a0<\/p>\n<p>Auteur de plusieurs titres, \u00a0Mulukuku Dj, a laiss\u00e9 ses chansons, faisant montre de ses talents de \u00a0Disc Jockey. Avec une mixture de sons reggae, d\u2019Extra Musica, de \u00a0chansons Zouglou, un rythme local tr\u00e8s pris\u00e9, il a soulev\u00e9 la foule \u00a0venue communier avec leurs idoles.\u00a0<\/p>\n<p>Il n\u2019a pas \u00a0manqu\u00e9 de lancer le son de Ariel Sheney, un artiste ivoirien du Coup\u00e9 \u00a0d\u00e9cal\u00e9 dont le dernier titre intitul\u00e9 \u00ab Amina \u00bb cartonne actuellement. \u00a0Arafat Dj a d\u2019ailleurs appel\u00e9 son \u00ab filleul \u00bb pour le f\u00e9liciter pour son \u00a0clip, qu\u2019il a fortement appr\u00e9ci\u00e9.\u00a0<\/p>\n<p>Arafat ne \u00a0participe pas \u00e0 cette \u00e9dition du Festival des musiques urbaines \u00a0d\u2019Anoumabo (FEMUA), le plus grand festival port\u00e9 par un groupe \u00a0d\u2019artistes sur le continent africain.<\/p>\n<p>Soutenu \u00a0par des danseuses qu\u2019il a surnomm\u00e9 Ronaldo, Messie et Drogba, des noms \u00a0de stars mondiales du football, Mulukuku a fait un tabac cette soir\u00e9e et \u00a0arrach\u00e9 la sympathie de l\u2019assistance avec ces artistes tr\u00e8s agiles.\u00a0<\/p>\n<p><ins data-revive-zoneid=\"9\" data-revive-id=\"10111e19d28d19d031742ee3b0b33eb0\"\/> <\/p>\n<p>Plusieurs \u00a0autres artistes ont anim\u00e9 le plateau artistique, entre autres, Allah Th\u00e9r\u00e8se la doyenne de la musique tradi-moderne ivoirienne, la diva malienne \u00a0de la musique Manding Oumou Sangar\u00e9, Claire Bahi, Yvan Buravan (Rwanda, \u00a0laur\u00e9at du Prix RFI 2018) et Mani Bella (Cameroun) . \u00a0 \u00a0<\/p>\n<p>R\u00e9v\u00e9l\u00e9 \u00a0au public ivoirien en 2001, gr\u00e2ce \u00e0 la magie des platines, Mulukuku Dj \u00a0totalise aujourd\u2019hui 18 ans de carri\u00e8re. Dieu, dira-t-il, est au c\u0153ur de \u00a0son succ\u00e8s. L\u2019artiste se f\u00e9licite toutefois de porter deux casquettes \u00a0celle de chanteur et de Dj.\u00a0<\/p>\n<p>\u00c9voluer dans sa \u00a0carri\u00e8re d\u2019artiste chanteur est pour lui une ambition l\u00e9gitime. Mulukuku \u00a0pr\u00e9pare son prochain album qui devrait \u00eatre intitul\u00e9 \u00ab El Duro \u00bb, qui \u00a0signifie le dur en Espagnole, un titre \u00e9manant de toutes les \u00e9tapes \u00a0qu\u2019il a eues \u00e0 \u00ab franchir et \u00e0 surmonter comme stress, tristesse \u00bb.<\/p>\n<p>\u00a0\u00ab \u00a0Genre et d\u00e9veloppement \u00bb est le th\u00e8me pour cette 12\u00e8 \u00e9dition du FEMUA \u00a0qui se d\u00e9roule du 23 au 28 avril 2019 \u00e0 Abidjan et \u00e0 Gagnoa (Centre-Ouest ). Le \u00a0plateau artistique est anim\u00e9 par huit chanteuses et huit chanteurs, \u00a0symbole de la parit\u00e9.\u00a0<\/p>\n<\/div>\n<p>Auteur: APA News<br \/>\n<a href=\"https:\/\/www.journalducameroun.com\/fr\/mulukuku-dj-enflamme-le-public-au-femua-12-avec-des-selections-de-arafat-dj\/\">Cliquez ici pour lire l&rsquo;article depuis sa source.<\/a><\/p>\n","protected":false},"excerpt":{"rendered":"<p>Publi\u00e9 le 27.04.2019 \u00e0 22h18 par APA News L\u2019artiste ivoirien Mulukuku Dj, un adepte du Coup\u00e9 d\u00e9cal\u00e9, a \u00e9gay\u00e9 vendredi soir le public abidjanais \u00e0 un concert du Festival des musiques urbaines d\u2019Anoumabo (Femua 12) avec des s\u00e9lections de Arafat Dj et plusieurs rythmes, derri\u00e8re un plateau de mixage.Ses casques \u00e0 l\u2019oreille, Mulukuku mixte les [&hellip;]<\/p>\n","protected":false},"author":1965,"featured_media":0,"comment_status":"closed","ping_status":"closed","sticky":false,"template":"","format":"standard","meta":{"fifu_image_url":"","fifu_image_alt":"","footnotes":""},"categories":[73,82],"tags":[],"class_list":["post-30720","post","type-post","status-publish","format-standard","hentry","category-actualite","category-cameroun"],"_links":{"self":[{"href":"https:\/\/linitiative.ca\/International\/wp-json\/wp\/v2\/posts\/30720","targetHints":{"allow":["GET"]}}],"collection":[{"href":"https:\/\/linitiative.ca\/International\/wp-json\/wp\/v2\/posts"}],"about":[{"href":"https:\/\/linitiative.ca\/International\/wp-json\/wp\/v2\/types\/post"}],"author":[{"embeddable":true,"href":"https:\/\/linitiative.ca\/International\/wp-json\/wp\/v2\/users\/1965"}],"replies":[{"embeddable":true,"href":"https:\/\/linitiative.ca\/International\/wp-json\/wp\/v2\/comments?post=30720"}],"version-history":[{"count":0,"href":"https:\/\/linitiative.ca\/International\/wp-json\/wp\/v2\/posts\/30720\/revisions"}],"wp:attachment":[{"href":"https:\/\/linitiative.ca\/International\/wp-json\/wp\/v2\/media?parent=30720"}],"wp:term":[{"taxonomy":"category","embeddable":true,"href":"https:\/\/linitiative.ca\/International\/wp-json\/wp\/v2\/categories?post=30720"},{"taxonomy":"post_tag","embeddable":true,"href":"https:\/\/linitiative.ca\/International\/wp-json\/wp\/v2\/tags?post=30720"}],"curies":[{"name":"wp","href":"https:\/\/api.w.org\/{rel}","templated":true}]}}