{"id":30721,"date":"2019-04-27T17:18:06","date_gmt":"2019-04-27T21:18:06","guid":{"rendered":"https:\/\/linitiative.ca\/International\/un-cadre-de-la-fao-et-sa-fille-decedent-dans-un-accident-a-dakar\/"},"modified":"2019-04-27T17:18:06","modified_gmt":"2019-04-27T21:18:06","slug":"un-cadre-de-la-fao-et-sa-fille-decedent-dans-un-accident-a-dakar","status":"publish","type":"post","link":"https:\/\/linitiative.ca\/International\/un-cadre-de-la-fao-et-sa-fille-decedent-dans-un-accident-a-dakar\/","title":{"rendered":"Un cadre de la FAO et sa fille d\u00e9c\u00e8dent dans un accident \u00e0 Dakar"},"content":{"rendered":"<div readability=\"32\">\n<p>Publi\u00e9 le 27.04.2019 \u00e0 22h18 par APA News<\/p>\n<\/div>\n<div readability=\"47\">\n<p>L\u2019Organisation des Nations unies pour l\u2019alimentation et l\u2019agriculture (FAO) a \u00e9t\u00e9 frapp\u00e9e ce samedi par le d\u00e9c\u00e8s tragique d\u2019un de ses cadres Ibrahima Niang, d\u00e9c\u00e9d\u00e9 avec sa fille dans un accident de la circulation \u00e0 Dakar.Selon le compte Twitter de la FAO S\u00e9n\u00e9gal visit\u00e9 par APA, le charg\u00e9 de l\u2019administration de la bo\u00eete et sa fille ont tous les deux rendu l\u2019\u00e2me suite \u00e0 tragique accident.<\/p>\n<p>L\u2019organisation des Nations unies ne donne pas plus de pr\u00e9cisions sur le lieux et les circonstances de l\u2019accident survenu ce samedi \u00e0 Dakar dans la capitale s\u00e9n\u00e9galaise.<\/p>\n<p><ins data-revive-zoneid=\"9\" data-revive-id=\"10111e19d28d19d031742ee3b0b33eb0\"\/> <\/p>\n<p>La FAO tr\u00e8s attrist\u00e9e par cette terrible nouvelle, a tenu \u00e0 rendre hommage au d\u00e9funt. \u00abM. Ibrahima Niang \u00e9tait notre Charg\u00e9 de l\u2019administration rigoureux et m\u00e9thodique. Il avait un grand respect pour la cause ZeroHunger qu\u2019il servait. Champion OneUN du Senegal. Repose en paix \u00bb, \u00a0a post\u00e9 l\u2019agence sp\u00e9cialis\u00e9e des Nations Unies qui m\u00e8ne les efforts internationaux vers l\u2019\u00e9limination de la faim dans le monde.<\/p>\n<\/div>\n<p>Auteur: APA News<br \/>\n<a href=\"https:\/\/www.journalducameroun.com\/fr\/un-cadre-de-la-fao-et-sa-fille-decedent-dans-un-accident-a-dakar\/\">Cliquez ici pour lire l&rsquo;article depuis sa source.<\/a><\/p>\n","protected":false},"excerpt":{"rendered":"<p>Publi\u00e9 le 27.04.2019 \u00e0 22h18 par APA News L\u2019Organisation des Nations unies pour l\u2019alimentation et l\u2019agriculture (FAO) a \u00e9t\u00e9 frapp\u00e9e ce samedi par le d\u00e9c\u00e8s tragique d\u2019un de ses cadres Ibrahima Niang, d\u00e9c\u00e9d\u00e9 avec sa fille dans un accident de la circulation \u00e0 Dakar.Selon le compte Twitter de la FAO S\u00e9n\u00e9gal visit\u00e9 par APA, le [&hellip;]<\/p>\n","protected":false},"author":1965,"featured_media":0,"comment_status":"closed","ping_status":"closed","sticky":false,"template":"","format":"standard","meta":{"fifu_image_url":"","fifu_image_alt":"","footnotes":""},"categories":[73,82],"tags":[],"class_list":["post-30721","post","type-post","status-publish","format-standard","hentry","category-actualite","category-cameroun"],"_links":{"self":[{"href":"https:\/\/linitiative.ca\/International\/wp-json\/wp\/v2\/posts\/30721","targetHints":{"allow":["GET"]}}],"collection":[{"href":"https:\/\/linitiative.ca\/International\/wp-json\/wp\/v2\/posts"}],"about":[{"href":"https:\/\/linitiative.ca\/International\/wp-json\/wp\/v2\/types\/post"}],"author":[{"embeddable":true,"href":"https:\/\/linitiative.ca\/International\/wp-json\/wp\/v2\/users\/1965"}],"replies":[{"embeddable":true,"href":"https:\/\/linitiative.ca\/International\/wp-json\/wp\/v2\/comments?post=30721"}],"version-history":[{"count":0,"href":"https:\/\/linitiative.ca\/International\/wp-json\/wp\/v2\/posts\/30721\/revisions"}],"wp:attachment":[{"href":"https:\/\/linitiative.ca\/International\/wp-json\/wp\/v2\/media?parent=30721"}],"wp:term":[{"taxonomy":"category","embeddable":true,"href":"https:\/\/linitiative.ca\/International\/wp-json\/wp\/v2\/categories?post=30721"},{"taxonomy":"post_tag","embeddable":true,"href":"https:\/\/linitiative.ca\/International\/wp-json\/wp\/v2\/tags?post=30721"}],"curies":[{"name":"wp","href":"https:\/\/api.w.org\/{rel}","templated":true}]}}