{"id":30722,"date":"2019-04-27T17:50:01","date_gmt":"2019-04-27T21:50:01","guid":{"rendered":"https:\/\/linitiative.ca\/International\/venezuela-lopposant-guaido-reitere-son-appel-a-larmee-a-le-rejoindre\/"},"modified":"2019-04-27T17:50:01","modified_gmt":"2019-04-27T21:50:01","slug":"venezuela-lopposant-guaido-reitere-son-appel-a-larmee-a-le-rejoindre","status":"publish","type":"post","link":"https:\/\/linitiative.ca\/International\/venezuela-lopposant-guaido-reitere-son-appel-a-larmee-a-le-rejoindre\/","title":{"rendered":"Venezuela : l\u2019opposant Guaido r\u00e9it\u00e8re son appel \u00e0 l\u2019arm\u00e9e \u00e0 le rejoindre"},"content":{"rendered":"<div readability=\"32\">\n<p>Publi\u00e9 le 27.04.2019 \u00e0 22h50 par AFP<\/p>\n<\/div>\n<div readability=\"129\">\n<p>Juan Guaido a de nouveau exhort\u00e9 samedi l\u2019arm\u00e9e, pilier \u00e9conomique et politique du Venezuela, \u00e0 cesser de soutenir Nicolas Maduro, au cours d\u2019une manifestation au go\u00fbt de r\u00e9p\u00e9tition avant le 1er mai, une date-clef pour pousser le pr\u00e9sident vers la sortie, selon l\u2019opposant.<\/p>\n<p>Dans les efforts qu\u2019il entreprend pour d\u00e9loger Nicolas Maduro du pouvoir depuis fin janvier, le soutien de l\u2019arm\u00e9e est \u00ab\u00a0fondamental\u00a0\u00bb, a dit le chef de file de l\u2019opposition v\u00e9n\u00e9zu\u00e9lienne, qui est reconnu comme pr\u00e9sident par int\u00e9rim du Venezuela par une cinquantaine de pays.<\/p>\n<p>Car au Venezuela l\u2019arm\u00e9e a un r\u00f4le politique et \u00e9conomique de premier plan. Outre plusieurs portefeuilles minist\u00e9riels, elle tient le secteur p\u00e9trolier, poumon de l\u2019\u00e9conomie du pays. Et \u00e0 une exception pr\u00e8s, les officiers de haut rang n\u2019ont, pour l\u2019heure, pas c\u00e9d\u00e9 aux appels du pied de Juan Guaido, pour rester fid\u00e8les \u00e0 Nicolas Maduro.<\/p>\n<p>\u00ab\u00a0Le temps passe et l\u2019attente ne pourra pas \u00eatre \u00e9ternelle\u00a0\u00bb, a lanc\u00e9 Juan Guaido \u00e0 l\u2019intention des militaires, dans son discours prononc\u00e9 lors d\u2019une \u00ab\u00a0prestation de serment\u00a0\u00bb de partisans r\u00e9unis dans des \u00ab\u00a0comit\u00e9s de mobilisation\u00a0\u00bb.<\/p>\n<p>Les soldats, a-t-il conclu, \u00ab\u00a0ont la chance historique de sortir la t\u00eate haute\u00a0\u00bb en le rejoignant.<\/p>\n<p>L\u2019opposant a aussi donn\u00e9 rendez-vous \u00e0 ses partisans le 1er mai, date retenue pour la \u00ab\u00a0plus grande manifestation de l\u2019histoire\u00a0\u00bb du Venezuela, qui doit lui permettre de \u00ab\u00a0mettre fin \u00e0 l\u2019usurpation\u00a0\u00bb dont est coupable, selon lui, Nicolas Maduro.<\/p>\n<p>Juan Guaido et l\u2019opposition accusent le chef de l\u2019Etat de s\u2019\u00eatre maintenu au pouvoir gr\u00e2ce \u00e0 des \u00e9lections \u00ab\u00a0frauduleuses\u00a0\u00bb l\u2019an dernier. En retour, ce dernier accuse Juan Guaido de vouloir fomenter un coup d\u2019Etat avec l\u2019aide des Etats-Unis.<\/p>\n<p>Sympathisante du jeune opposant, Marlene Berroteran, 64 ans, a affirm\u00e9 \u00e0 l\u2019AFP qu\u2019elle serait pr\u00e9sente le 1er mai \u00ab\u00a0pour (se) d\u00e9barrasser du tyran qui occupe Miraflores\u00a0\u00bb, le palais pr\u00e9sidentiel situ\u00e9 en plein coeur de Caracas.<\/p>\n<p><ins data-revive-zoneid=\"9\" data-revive-id=\"10111e19d28d19d031742ee3b0b33eb0\"\/> <\/p>\n<p>Le pouvoir a, lui aussi, appel\u00e9 \u00e0 manifester le 1er mai dans le centre de Caracas pour le traditionnel d\u00e9fil\u00e9 de la F\u00eate du travail. \u00ab\u00a0Nous, les travailleurs, allons manifester pour d\u00e9fendre Nicolas Maduro et la r\u00e9volution bolivarienne\u00a0\u00bb, a affirm\u00e9 Diosdado Cabello, num\u00e9ro deux du chavisme.<\/p>\n<p>Samedi, il \u00e9taient plusieurs milliers \u00e0 avoir r\u00e9pondu \u00e0 l\u2019appel du PSUV, le parti pr\u00e9sidentiel, \u00e0 \u00ab\u00a0f\u00eater\u00a0\u00bb la sortie du Venezuela de l\u2019Organisation des Etats am\u00e9ricains (OEA), dont le si\u00e8ge est \u00e0 Washington.<\/p>\n<p>\u00ab\u00a0Que l\u2019OEA aille se faire voir !\u00a0\u00bb, scandaient les manifestants rassembl\u00e9s pr\u00e8s du minist\u00e8re des Affaires \u00e9trang\u00e8res. \u00ab\u00a0Adieu OEA\u00a0\u00bb, \u00ab\u00a0Non aux Yankees\u00a0\u00bb, pouvait-on lire sur les pancartes.<\/p>\n<p>Le gouvernement v\u00e9n\u00e9zu\u00e9lien avait annonc\u00e9 il y a deux ans vouloir se retirer de cette organisation internationale qu\u2019il accuse de participer \u00e0 une campagne de d\u00e9stabilisation orchestr\u00e9e par l\u2019opposition et les Etats-Unis.<\/p>\n<p>\u00ab\u00a0Le peuple endurci se mobilise pour f\u00eater notre retrait d\u00e9finitif du Minist\u00e8re am\u00e9ricain des Colonies : l\u2019OEA\u00a0\u00bb, a tweet\u00e9 Nicolas Maduro qui n\u2019\u00e9tait pas pr\u00e9sent \u00e0 la manifestation.<\/p>\n<p>\u00ab\u00a0+Gringo+, va te faire voir ! Le Venezuela est un pays libre !\u00a0\u00bb, a tonn\u00e9 Diosdado Cabello, dans un discours.<\/p>\n<\/div>\n<p>Auteur: AFP<br \/>\n<a href=\"https:\/\/www.journalducameroun.com\/fr\/venezuela-lopposant-guaido-reitere-son-appel-a-larmee-a-le-rejoindre\/\">Cliquez ici pour lire l&rsquo;article depuis sa source.<\/a><\/p>\n","protected":false},"excerpt":{"rendered":"<p>Publi\u00e9 le 27.04.2019 \u00e0 22h50 par AFP Juan Guaido a de nouveau exhort\u00e9 samedi l\u2019arm\u00e9e, pilier \u00e9conomique et politique du Venezuela, \u00e0 cesser de soutenir Nicolas Maduro, au cours d\u2019une manifestation au go\u00fbt de r\u00e9p\u00e9tition avant le 1er mai, une date-clef pour pousser le pr\u00e9sident vers la sortie, selon l\u2019opposant. Dans les efforts qu\u2019il entreprend [&hellip;]<\/p>\n","protected":false},"author":1965,"featured_media":0,"comment_status":"closed","ping_status":"closed","sticky":false,"template":"","format":"standard","meta":{"fifu_image_url":"","fifu_image_alt":"","footnotes":""},"categories":[73,82],"tags":[],"class_list":["post-30722","post","type-post","status-publish","format-standard","hentry","category-actualite","category-cameroun"],"_links":{"self":[{"href":"https:\/\/linitiative.ca\/International\/wp-json\/wp\/v2\/posts\/30722","targetHints":{"allow":["GET"]}}],"collection":[{"href":"https:\/\/linitiative.ca\/International\/wp-json\/wp\/v2\/posts"}],"about":[{"href":"https:\/\/linitiative.ca\/International\/wp-json\/wp\/v2\/types\/post"}],"author":[{"embeddable":true,"href":"https:\/\/linitiative.ca\/International\/wp-json\/wp\/v2\/users\/1965"}],"replies":[{"embeddable":true,"href":"https:\/\/linitiative.ca\/International\/wp-json\/wp\/v2\/comments?post=30722"}],"version-history":[{"count":0,"href":"https:\/\/linitiative.ca\/International\/wp-json\/wp\/v2\/posts\/30722\/revisions"}],"wp:attachment":[{"href":"https:\/\/linitiative.ca\/International\/wp-json\/wp\/v2\/media?parent=30722"}],"wp:term":[{"taxonomy":"category","embeddable":true,"href":"https:\/\/linitiative.ca\/International\/wp-json\/wp\/v2\/categories?post=30722"},{"taxonomy":"post_tag","embeddable":true,"href":"https:\/\/linitiative.ca\/International\/wp-json\/wp\/v2\/tags?post=30722"}],"curies":[{"name":"wp","href":"https:\/\/api.w.org\/{rel}","templated":true}]}}