{"id":30740,"date":"2019-04-27T17:00:47","date_gmt":"2019-04-27T21:00:47","guid":{"rendered":"https:\/\/linitiative.ca\/International\/fip-2019-les-provinces-du-sud-veulent-reconquerir-le-marche-espagnol\/"},"modified":"2019-04-27T17:00:47","modified_gmt":"2019-04-27T21:00:47","slug":"fip-2019-les-provinces-du-sud-veulent-reconquerir-le-marche-espagnol","status":"publish","type":"post","link":"https:\/\/linitiative.ca\/International\/fip-2019-les-provinces-du-sud-veulent-reconquerir-le-marche-espagnol\/","title":{"rendered":"FIP 2019 : Les provinces du Sud veulent reconqu\u00e9rir le march\u00e9 espagnol"},"content":{"rendered":"<p><img decoding=\"async\" class=\"post_layout_5_img\" src=\"http:\/\/aujourdhui.ma\/wp-content\/uploads\/2019\/04\/la-Foire-internationale-des-peuples-a%CC%80-Fuengirola-FIP-en-Espagne.jpg?x29840\" alt=\"FIP 2019 : Les provinces du Sud veulent reconqu\u00e9rir le march\u00e9 espagnol\"\/><\/p>\n<p class=\"p1\"><span class=\"c4\"><strong><span class=\"s1\"><em>La Feria Internacional de Pueblos de Fuengirola attire plus de 2 millions de visiteurs chaque ann\u00e9e<\/em><\/span><\/strong><\/span><span id=\"more-310051\"\/><\/p>\n<p class=\"p1\"><span class=\"s1\">La 25\u00e8me \u00e9dition de la Foire internationale des peuples \u00e0 Fuengirola (FIP) en Espagne conna\u00eetra une forte participation des professionnels et conseils r\u00e9gionaux des provinces du Sud du Royaume, avec l\u2019ambition de relancer le march\u00e9 espagnol, l\u2019un des plus importants pour les destinations touristiques du Sud marocain.<\/span><\/p>\n<p class=\"p1\"><span class=\"s1\">Situ\u00e9e sur la Costa Del Sol, dans le sud de l\u2019Espagne, la ville de Fuengirola accueille depuis vingt-quatre ans la plus grande rencontre festive au monde, qui r\u00e9unit les cultures et les traditions de plus de 40 pays \u00e0 travers leur gastronomie, art et folklore.<\/span><\/p>\n<p class=\"p1\"><span class=\"s1\">Au fil des ans, la Foire internationale des peuples (Feria Internacional de los Pueblos en espagnol) est devenue l\u2019un des \u00e9v\u00e9nements les plus importants<\/span><\/p>\n<p class=\"p1\"><span class=\"s1\">au monde. Cette foire est n\u00e9e en 1994 dans le but de diffuser les coutumes, le folklore, la gastronomie et les attractions culturelles, historiques et touristiques des citoyens de multiples nationalit\u00e9s ayant choisi le sud de l\u2019Espagne comme lieu de r\u00e9sidence. La Feria Internacional de Pueblos de Fuengirola attire plus de deux millions de visiteurs chaque ann\u00e9e et offre une visite guid\u00e9e. Elle est activement impliqu\u00e9e dans la promotion des valeurs et de la diversit\u00e9 de la culture des nations aupr\u00e8s des publics et des institutions avec toujours le souci de proposer une exposition exigeante et adapt\u00e9e. Pour cette ann\u00e9e, l\u2019association Nord Sud Action a pris l\u2019initiative d\u2019organiser et d\u2019agencer le pavillon marocain, en invitant les 12 r\u00e9gions du Royaume \u00e0 prendre part \u00e0 cette grande manifestation, tout en exhibant chacune sa culture, sa destination touristique et sa production artisanale aupr\u00e8s d\u2019un public international, sans oublier la communaut\u00e9 marocaine \u00e9tablie en Andalousie.<\/span><\/p>\n<p class=\"p1\"><span class=\"s1\">Aux c\u00f4t\u00e9s des officiels et des autorit\u00e9s de Fuengirola, l\u2019inauguration se fera le 30 avril, en pr\u00e9sence de Yanja El Khatat et Sidi Hamdi Ould Errachid respectivement pr\u00e9sidents des r\u00e9gions de Dakhla-Oued Eddahab et de La\u00e2youne-Sakia El Hamra, dans le but de promouvoir la destination des r\u00e9gions du sud du Royaume en particulier et du Maroc en g\u00e9n\u00e9ral.<\/span><\/p>\n<p class=\"p1\"><span class=\"s1\">Cette forte participation des \u00e9lus et professionnels du tourisme des provinces du Sud d\u00e9coule de l\u2019importance du march\u00e9 espagnol qui est l\u2019un des grands pourvoyeurs de touristes, et ce en mettant en exergue durant cinq jours les potentialit\u00e9s touristiques de la destination baln\u00e9aire phare de l\u2019offre touristique du sud marocain, la ville de Dakhla, ainsi que les richesses naturelles et culturelles de la r\u00e9gion de La\u00e2youne. Ainsi, les visiteurs de la FIP auront l\u2019occasion de d\u00e9couvrir la gastronomie, l\u2019artisanat et le folklore des provinces du Sud qui b\u00e9n\u00e9ficient de plusieurs liaisons a\u00e9riennes directes avec des villes espagnoles et assurent un d\u00e9paysement total.<\/span><\/p>\n<p>Auteur: Mohamed Laabid<br \/>\n<a href=\"http:\/\/aujourdhui.ma\/economie\/fip-2019-les-provinces-du-sud-veulent-reconquerir-le-marche-espagnol\">Cliquez ici pour lire l&rsquo;article depuis sa source.<\/a><\/p>\n","protected":false},"excerpt":{"rendered":"<p>La Feria Internacional de Pueblos de Fuengirola attire plus de 2 millions de visiteurs chaque ann\u00e9e La 25\u00e8me \u00e9dition de la Foire internationale des peuples \u00e0 Fuengirola (FIP) en Espagne conna\u00eetra une forte participation des professionnels et conseils r\u00e9gionaux des provinces du Sud du Royaume, avec l\u2019ambition de relancer le march\u00e9 espagnol, l\u2019un des plus [&hellip;]<\/p>\n","protected":false},"author":1759,"featured_media":0,"comment_status":"closed","ping_status":"closed","sticky":false,"template":"","format":"standard","meta":{"fifu_image_url":"","fifu_image_alt":"","footnotes":""},"categories":[73,54],"tags":[],"class_list":["post-30740","post","type-post","status-publish","format-standard","hentry","category-actualite","category-maroc"],"_links":{"self":[{"href":"https:\/\/linitiative.ca\/International\/wp-json\/wp\/v2\/posts\/30740","targetHints":{"allow":["GET"]}}],"collection":[{"href":"https:\/\/linitiative.ca\/International\/wp-json\/wp\/v2\/posts"}],"about":[{"href":"https:\/\/linitiative.ca\/International\/wp-json\/wp\/v2\/types\/post"}],"author":[{"embeddable":true,"href":"https:\/\/linitiative.ca\/International\/wp-json\/wp\/v2\/users\/1759"}],"replies":[{"embeddable":true,"href":"https:\/\/linitiative.ca\/International\/wp-json\/wp\/v2\/comments?post=30740"}],"version-history":[{"count":0,"href":"https:\/\/linitiative.ca\/International\/wp-json\/wp\/v2\/posts\/30740\/revisions"}],"wp:attachment":[{"href":"https:\/\/linitiative.ca\/International\/wp-json\/wp\/v2\/media?parent=30740"}],"wp:term":[{"taxonomy":"category","embeddable":true,"href":"https:\/\/linitiative.ca\/International\/wp-json\/wp\/v2\/categories?post=30740"},{"taxonomy":"post_tag","embeddable":true,"href":"https:\/\/linitiative.ca\/International\/wp-json\/wp\/v2\/tags?post=30740"}],"curies":[{"name":"wp","href":"https:\/\/api.w.org\/{rel}","templated":true}]}}