{"id":30742,"date":"2019-04-28T04:06:54","date_gmt":"2019-04-28T08:06:54","guid":{"rendered":"https:\/\/linitiative.ca\/International\/espagne-pres-de-260-000-marocains-affilies-a-la-securite-sociale\/"},"modified":"2019-04-28T04:06:54","modified_gmt":"2019-04-28T08:06:54","slug":"espagne-pres-de-260-000-marocains-affilies-a-la-securite-sociale","status":"publish","type":"post","link":"https:\/\/linitiative.ca\/International\/espagne-pres-de-260-000-marocains-affilies-a-la-securite-sociale\/","title":{"rendered":"Espagne : Pr\u00e8s de 260.000 Marocains affili\u00e9s \u00e0 la s\u00e9curit\u00e9 sociale"},"content":{"rendered":"<header>\n<\/header>\n<div class=\"entry-content clearfix\" readability=\"65\"><img decoding=\"async\" class=\"post_layout_5_img\" src=\"http:\/\/aujourdhui.ma\/wp-content\/uploads\/2019\/04\/travail-migrations-Espagne.jpg?x29840\" alt=\"Espagne : Pr\u00e8s de 260.000 Marocains affili\u00e9s \u00e0 la s\u00e9curit\u00e9 sociale\"\/><\/p>\n<p class=\"p1\"><span class=\"s1\"><span class=\"c4\"><strong>Selon les derni\u00e8res statistiques du minist\u00e8re espagnol du travail, des migrations et de la s\u00e9curit\u00e9 sociale,<span class=\"Apple-converted-space\">\u00a0<\/span> 259.893 Marocains \u00e9taient affili\u00e9s \u00e0 la s\u00e9curit\u00e9 sociale en Espagne au premier trimestre 2019.<span class=\"Apple-converted-space\">\u00a0<\/span><\/strong><\/span><\/span><span id=\"more-310072\"\/><\/p>\n<p class=\"p1\"><span class=\"s1\">Les Marocains arrivent toujours en t\u00eate du classement des travailleurs \u00e9trangers extra-communautaires cotisant \u00e0 la s\u00e9curit\u00e9 sociale en Espagne, suivis des Chinois (104.183), des \u00c9quatoriens (72.025) et des Colombiens (65.234), pr\u00e9cise le minist\u00e8re dans un communiqu\u00e9.<\/span><\/p>\n<p class=\"p1\"><span class=\"s1\">Le nombre total des \u00e9trangers affili\u00e9s \u00e0 la s\u00e9curit\u00e9 sociale espagnole a atteint 2.026.957 personnes \u00e0 fin mars dernier, en hausse de 8,17% par rapport \u00e0 la m\u00eame p\u00e9riode de 2018, soit 153.144 personnes actives de plus. Sur l\u2019ensemble des travailleurs \u00e9trangers cotisant \u00e0 la s\u00e9curit\u00e9 sociale espagnole, quelque 1.187.001 personnes sont originaires de pays extra-communautaires et 839.956 sont issus de pays de l\u2019Union europ\u00e9enne.<\/span><\/p>\n<p class=\"p1\"><span class=\"s1\">En glissement mensuel, le nombre des inscrits \u00e9trangers a augment\u00e9 de 2,1% en mars dernier, soit 41.677 personnes de plus qu\u2019un mois auparavant.<span class=\"Apple-converted-space\">\u00a0<\/span> Le minist\u00e8re espagnol a fait remarquer que le nombre des affili\u00e9s \u00e9trangers \u00e0 la s\u00e9curit\u00e9 sociale a accumul\u00e9 deux mois cons\u00e9cutifs de hausse, apr\u00e8s avoir augment\u00e9 de 18.500 personnes en f\u00e9vrier, sur un mois. Signalons que le nombre de Marocains \u00e9tablis l\u00e9galement en Espagne \u00e9tait estim\u00e9 \u00e0 812.412 personnes au 1er janvier dernier, un chiffre en hausse de 5,4% par rapport \u00e0 l\u2019ann\u00e9e pr\u00e9c\u00e9dente , selon les derniers chiffres de l\u2019Institut national de la statistique (INE).<\/span><\/p>\n<\/div>\n<p>Auteur: ALM<br \/>\n<a href=\"http:\/\/aujourdhui.ma\/societe\/espagne-pres-de-260-000-marocains-affilies-a-la-securite-sociale\">Cliquez ici pour lire l&rsquo;article depuis sa source.<\/a><\/p>\n","protected":false},"excerpt":{"rendered":"<p>Selon les derni\u00e8res statistiques du minist\u00e8re espagnol du travail, des migrations et de la s\u00e9curit\u00e9 sociale,\u00a0 259.893 Marocains \u00e9taient affili\u00e9s \u00e0 la s\u00e9curit\u00e9 sociale en Espagne au premier trimestre 2019.\u00a0 Les Marocains arrivent toujours en t\u00eate du classement des travailleurs \u00e9trangers extra-communautaires cotisant \u00e0 la s\u00e9curit\u00e9 sociale en Espagne, suivis des Chinois (104.183), des \u00c9quatoriens [&hellip;]<\/p>\n","protected":false},"author":1759,"featured_media":0,"comment_status":"closed","ping_status":"closed","sticky":false,"template":"","format":"standard","meta":{"fifu_image_url":"","fifu_image_alt":"","footnotes":""},"categories":[73,54],"tags":[],"class_list":["post-30742","post","type-post","status-publish","format-standard","hentry","category-actualite","category-maroc"],"_links":{"self":[{"href":"https:\/\/linitiative.ca\/International\/wp-json\/wp\/v2\/posts\/30742","targetHints":{"allow":["GET"]}}],"collection":[{"href":"https:\/\/linitiative.ca\/International\/wp-json\/wp\/v2\/posts"}],"about":[{"href":"https:\/\/linitiative.ca\/International\/wp-json\/wp\/v2\/types\/post"}],"author":[{"embeddable":true,"href":"https:\/\/linitiative.ca\/International\/wp-json\/wp\/v2\/users\/1759"}],"replies":[{"embeddable":true,"href":"https:\/\/linitiative.ca\/International\/wp-json\/wp\/v2\/comments?post=30742"}],"version-history":[{"count":0,"href":"https:\/\/linitiative.ca\/International\/wp-json\/wp\/v2\/posts\/30742\/revisions"}],"wp:attachment":[{"href":"https:\/\/linitiative.ca\/International\/wp-json\/wp\/v2\/media?parent=30742"}],"wp:term":[{"taxonomy":"category","embeddable":true,"href":"https:\/\/linitiative.ca\/International\/wp-json\/wp\/v2\/categories?post=30742"},{"taxonomy":"post_tag","embeddable":true,"href":"https:\/\/linitiative.ca\/International\/wp-json\/wp\/v2\/tags?post=30742"}],"curies":[{"name":"wp","href":"https:\/\/api.w.org\/{rel}","templated":true}]}}