{"id":30769,"date":"2019-04-28T10:39:54","date_gmt":"2019-04-28T14:39:54","guid":{"rendered":"https:\/\/linitiative.ca\/International\/non-paiement-des-factures-deau-a-tizi-ouzou-des-risques-sur-le-service-public\/"},"modified":"2019-04-28T10:39:54","modified_gmt":"2019-04-28T14:39:54","slug":"non-paiement-des-factures-deau-a-tizi-ouzou-des-risques-sur-le-service-public","status":"publish","type":"post","link":"https:\/\/linitiative.ca\/International\/non-paiement-des-factures-deau-a-tizi-ouzou-des-risques-sur-le-service-public\/","title":{"rendered":"Non paiement des factures d\u2019eau \u00e0 Tizi-Ouzou : des risques sur le service public"},"content":{"rendered":"<div>\n<div class=\"K2FeedImage\"><img decoding=\"async\" src=\"http:\/\/www.aps.dz\/media\/k2\/items\/cache\/27a4508275943d70465beaf0156d8e2c_S.jpg\" alt=\"Non paiement des factures d\u2019eau \u00e0 Tizi-Ouzou : des risques sur le service public\"><\/div>\n<div class=\"K2FeedIntroText\">\n<p>TIZI OUZOU &#8211; Le non payement des factures d\u2019eau par des citoyens des localit\u00e9s de Tizi-Ouzou dans le cadre du mouvement populaire enclench\u00e9 le 22 f\u00e9vrier dernier \u00ab\u00a0risque d\u2019avoir des retomb\u00e9es n\u00e9gatives sur le service public de l\u2019eau\u00a0\u00bb, a indiqu\u00e9 dimanche le directeur de l\u2019unit\u00e9 de l\u2019Alg\u00e9rienne des eaux (ADE), Berzouk Amar.<\/p>\n<\/div>\n<div class=\"K2FeedFullText\">\n<p>M. Berzouk a indiqu\u00e9 \u00e0 l\u2019APS que le recouvrement des factures de consommation d\u2019eau par les clients de l\u2019unit\u00e9 de Tizi-Ouzou de l\u2019ADE qui \u00e9tait de 100% en janvier dernier a connu une chute drastique pour n\u2019\u00eatre que de 29% en ce mois d\u2019avril. Cette situation, observ\u00e9 dans des localit\u00e9s suite \u00e0 un appel \u00ab\u00a0anonyme \u00e0 la d\u00e9sob\u00e9issance civile lanc\u00e9 sur les r\u00e9seaux sociaux\u00a0\u00bb se maintient, l\u2019unit\u00e9 ADE de Tizi-Ouzou \u00ab\u00a0se retrouvera en difficult\u00e9 et ne pourra plus faire face aux diff\u00e9rentes charges\u00a0\u00bb qui assurent son fonctionnement.<\/p>\n<p>\u00ab\u00a0A cause de cette d\u00e9marche, l\u2019ADE sera dans l\u2019impossibilit\u00e9 d\u2019honorer ses engagements envers ses fournisseurs et envers la Sonelgaz, comme elle ne pourra pas verser la part qui revient \u00e0 l\u2019Office national d\u2019assainissement. Cela ne fera que compliquer la situation d\u00e9j\u00e0 difficile de l\u2019unit\u00e9 qui n\u2019arrive pas \u00e0 payer une dette cumul\u00e9e de plus de 700 millions de DA de consommation \u00e9nerg\u00e9tique \u00e0 la Sonelgaz,\u00a0\u00bb a indiqu\u00e9 Amar Berzouk.<\/p>\n<p>En plus, elle aura des difficult\u00e9s \u00e0 couvrir les charges incompressibles parmi lesquelles un montant de 40 millions de DA\/mois \u00e0 verser aux fournisseurs, 50 millions de DA\/mois de facture \u00e9nerg\u00e9tique, une redevance assainissement de 20 millions de DA\/mois et d\u2019autres charges (CNAS, Imp\u00f4ts, achats divers, facture t\u00e9l\u00e9phonique, carburant, fourniture de bureau) n\u00e9cessaires pour assurer le service public, a-t-on appris du m\u00eame responsable.<\/p>\n<hr>\n<p><em><strong>Lire aussi:\u00a0<a href=\"http:\/\/www.aps.dz\/economie\/88618-ressources-hydriques-dans-le-sud-un-probleme-de-qualite\">Ressources hydriques dans le sud, un probl\u00e8me de qualit\u00e9<\/a><\/strong><\/em><\/p>\n<hr>\n<p>La charge salariale de l\u2019ADE de Tizi-Ouzou qui est de 90 millions de DA, montant n\u00e9cessaire pour payer les quelque 1800 employ\u00e9s de l\u2019unit\u00e9, risque aussi de ne plus \u00eatre honor\u00e9e si cette entreprise continue \u00e0 enregistrer un faible taux de recouvrement. \u00ab\u00a0Nous sommes \u00e0 la veille du mois de Ramadan, nous allons assurer la paie du mois d\u2019avril, mais nous ne pourrons pas assurer celle du mois de mai, si cette d\u00e9marche de non payement se maintien\u00a0\u00bb, a-t-il d\u00e9plor\u00e9.<\/p>\n<p>\u00ab\u00a0Si le travailleur n\u2019est pas pay\u00e9, il ne sera pas motiv\u00e9 pour travailler, les installations ne seront pas entretenues et cela va se r\u00e9percuter sur le service public. Les agents de l\u2019ADE sont tous des citoyens de la wilaya. Nous devons arr\u00eater de nous faire du mal nous m\u00eames. Le service public de l\u2019eau qui est un acquis qui doit \u00eatre pr\u00e9serv\u00e9, ne pourra \u00eatre assur\u00e9 sans les employ\u00e9s\u00a0\u00bb, a insist\u00e9 ce m\u00eame responsable.<\/p>\n<p>M. Berzouk a rappel\u00e9 que l\u2019ADE est une \u00ab\u00a0entreprise citoyenne\u00a0\u00bb qui fonctionne gr\u00e2ce au recouvrement des factures. L&rsquo;Unit\u00e9 de Tizi-Ouzou g\u00e8re un patrimoine de 192 forages et puits, 27 sources, six stations de traitement, une station de dessalement, une station de d\u00e9min\u00e9ralisation, 205 stations de reprises, 2 996 km de r\u00e9seaux d\u2019adduction et 3 985 de r\u00e9seaux de distribution.<\/p>\n<\/div>\n<\/div>\n<p>Auteur:<br \/>\n<a href=\"http:\/\/www.aps.dz\/regions\/88731-non-paiement-des-factures-d-eau-a-tizi-ouzou-des-risques-sur-le-service-public\">Cliquez ici pour lire l&rsquo;article depuis sa source.<\/a><\/p>\n","protected":false},"excerpt":{"rendered":"<p>TIZI OUZOU &#8211; Le non payement des factures d\u2019eau par des citoyens des localit\u00e9s de Tizi-Ouzou dans le cadre du mouvement populaire enclench\u00e9 le 22 f\u00e9vrier dernier \u00ab\u00a0risque d\u2019avoir des retomb\u00e9es n\u00e9gatives sur le service public de l\u2019eau\u00a0\u00bb, a indiqu\u00e9 dimanche le directeur de l\u2019unit\u00e9 de l\u2019Alg\u00e9rienne des eaux (ADE), Berzouk Amar. M. Berzouk a [&hellip;]<\/p>\n","protected":false},"author":1790,"featured_media":30770,"comment_status":"closed","ping_status":"closed","sticky":false,"template":"","format":"standard","meta":{"fifu_image_url":"","fifu_image_alt":"","footnotes":""},"categories":[53,76],"tags":[],"class_list":["post-30769","post","type-post","status-publish","format-standard","has-post-thumbnail","hentry","category-algerie","category-regions"],"_links":{"self":[{"href":"https:\/\/linitiative.ca\/International\/wp-json\/wp\/v2\/posts\/30769","targetHints":{"allow":["GET"]}}],"collection":[{"href":"https:\/\/linitiative.ca\/International\/wp-json\/wp\/v2\/posts"}],"about":[{"href":"https:\/\/linitiative.ca\/International\/wp-json\/wp\/v2\/types\/post"}],"author":[{"embeddable":true,"href":"https:\/\/linitiative.ca\/International\/wp-json\/wp\/v2\/users\/1790"}],"replies":[{"embeddable":true,"href":"https:\/\/linitiative.ca\/International\/wp-json\/wp\/v2\/comments?post=30769"}],"version-history":[{"count":0,"href":"https:\/\/linitiative.ca\/International\/wp-json\/wp\/v2\/posts\/30769\/revisions"}],"wp:featuredmedia":[{"embeddable":true,"href":"https:\/\/linitiative.ca\/International\/wp-json\/"}],"wp:attachment":[{"href":"https:\/\/linitiative.ca\/International\/wp-json\/wp\/v2\/media?parent=30769"}],"wp:term":[{"taxonomy":"category","embeddable":true,"href":"https:\/\/linitiative.ca\/International\/wp-json\/wp\/v2\/categories?post=30769"},{"taxonomy":"post_tag","embeddable":true,"href":"https:\/\/linitiative.ca\/International\/wp-json\/wp\/v2\/tags?post=30769"}],"curies":[{"name":"wp","href":"https:\/\/api.w.org\/{rel}","templated":true}]}}