{"id":30775,"date":"2019-04-28T12:33:27","date_gmt":"2019-04-28T16:33:27","guid":{"rendered":"https:\/\/linitiative.ca\/International\/le-malhoun-a-lhonneur-a-oujda-a-linitiative-de-lacademie-du-royaume-du-maroc\/"},"modified":"2019-04-28T12:33:27","modified_gmt":"2019-04-28T16:33:27","slug":"le-malhoun-a-lhonneur-a-oujda-a-linitiative-de-lacademie-du-royaume-du-maroc","status":"publish","type":"post","link":"https:\/\/linitiative.ca\/International\/le-malhoun-a-lhonneur-a-oujda-a-linitiative-de-lacademie-du-royaume-du-maroc\/","title":{"rendered":"Le Malhoun \u00e0 l\u2019honneur \u00e0 Oujda \u00e0 l\u2019initiative de l\u2019Acad\u00e9mie du Royaume du Maroc"},"content":{"rendered":"<div readability=\"39\">\n<p>L\u2019Acad\u00e9mie du Royaume du Maroc a organis\u00e9, samedi soir au Th\u00e9\u00e2tre Mohammed VI d\u2019Oujda, \u00ab\u00a0L\u2019\u00e9pop\u00e9e du Malhoun\u00a0\u00bb, une soir\u00e9e artistique haute en couleurs m\u00ealant musique, po\u00e9sie et performances th\u00e9\u00e2trales, en c\u00e9l\u00e9bration de ce patrimoine culturel marocain.<\/p>\n<\/div>\n<div readability=\"114\">\n<p>Ce spectacle, le deuxi\u00e8me du genre apr\u00e8s une c\u00e9l\u00e9bration tenue en 2017 \u00e0 Rabat, a \u00e9t\u00e9 organis\u00e9 \u00e0 l\u2019occasion de la parution r\u00e9cente du 11\u00e8me recueil de l\u2019Encyclop\u00e9die des po\u00e8tes de cet art marocain embl\u00e9matique, publi\u00e9 par l\u2019Acad\u00e9mie du Royaume du Maroc et d\u00e9di\u00e9 au po\u00e8te Ahmed Sahoum.<\/p>\n<p>Depuis sa cr\u00e9ation, l\u2019Acad\u00e9mie accorde un int\u00e9r\u00eat particulier \u00e0 la pr\u00e9servation et la promotion de ce patrimoine, en recueillant, \u00e9tudiant et publiant les po\u00e8mes du Malhoun, qui constitue un v\u00e9ritable registre de la m\u00e9moire culturelle, artistique et sociale des Marocains et un legs civilisationnel riches en valeurs nationales et humaines.<\/p>\n<p>Deux heures durant, le public oujdi, f\u00e9ru du Malhoun, a pu appr\u00e9cier des performances musicales et th\u00e9\u00e2trales bas\u00e9es sur de c\u00e9l\u00e8bres po\u00e8mes du Malhoun, doubl\u00e9es de projections vid\u00e9o autour des th\u00e8mes abord\u00e9s par les po\u00e8mes choisis.<\/p>\n<p>La sc\u00e8ne du Th\u00e9\u00e2tre Mohammed VI a recr\u00e9\u00e9 \u00e0 cet effet une ambiance de Nzaha, un espace de loisir et de d\u00e9tente fortement li\u00e9 \u00e0 la tradition du Malhoun, o\u00f9 les \u00ab\u00a0chioukhs\u00a0\u00bb et po\u00e8tes rivalisaient de talent pour cr\u00e9er les plus beaux po\u00e8mes.<\/p>\n<p>Dans une allocution \u00e0 cette occasion, le secr\u00e9taire perp\u00e9tuel de l\u2019Acad\u00e9mie du Royaume du Maroc, Abdeljalil Lahjomri, a soulign\u00e9 que le Maroc est riche de son histoire, de sa civilisation et de la diversit\u00e9 de son patrimoine et de ses modes d\u2019expression artistique, comme la musique Al-Ala, la musique Gharnati et le Malhoun, \u00ab\u00a0recueil po\u00e9tique des Marocains\u00a0\u00bb.<\/p>\n<p>Dans ce sens, l\u2019Acad\u00e9mie du Royaume du Maroc s\u2019est attel\u00e9e \u00e0 la pr\u00e9servation du patrimoine du Malhoun, \u00e0 travers l\u2019organisation de journ\u00e9es d\u2019\u00e9tude et des ateliers provinciaux \u00e0 Erfoud, Taroudant et Azemmour, en plus de la r\u00e9alisation d\u2019un documentaire portant le dossier de candidature pour inscrire l\u2019art du Malhoun sur la liste du patrimoine culturel immat\u00e9riel de l\u2019Unesco.<\/p>\n<p>A cela s\u2019ajoute \u00ab\u00a0L\u2019\u00e9pop\u00e9e du Malhoun\u00a0\u00bb organis\u00e9e en 2017 au si\u00e8ge de l\u2019Acad\u00e9mie, \u00e0 l\u2019occasion de la parution du 10\u00e8me recueil de cette encyclop\u00e9die des po\u00e8tes du Malhoun.<\/p>\n<p>Dans une d\u00e9claration \u00e0 la MAP, Abbas El Jirari, membre de l\u2019Acad\u00e9mie du Royaume du Maroc, a mis en exergue la Haute sollicitude dont SM le Roi Mohammed VI entoure ce genre artistique et litt\u00e9raire qui fait partie du patrimoine immat\u00e9riel du Maroc, notant que le Malhoun refl\u00e8te la puissance cr\u00e9atrice des Marocains, en particulier les po\u00e8tes populaires qui ont b\u00e2ti cet \u00e9difice culturel.<\/p>\n<p>\u00ab\u00a0L\u2019\u00e9pop\u00e9e du Malhoun\u00a0\u00bb est de nature \u00e0 mettre la lumi\u00e8re sur les efforts d\u00e9ploy\u00e9s par l\u2019Acad\u00e9mie au service de ce patrimoine, a-t-il estim\u00e9, ajoutant que l\u2019encyclop\u00e9die du Malhoun publi\u00e9e par cette institution s\u2019est d\u2019abord attel\u00e9e \u00e0 la pr\u00e9servation des po\u00e8mes des anciens chioukhs pionniers du Malhoun, qui ont jet\u00e9 les bases de cet art tout au long des cinq derniers si\u00e8cles, avant de s\u2019int\u00e9resser aux cr\u00e9ations des po\u00e8tes contemporains, comme Ahmed Sahoum auquel est d\u00e9di\u00e9 le 11\u00e8me recueil de cette oeuvre.<\/p>\n<p>L\u2019Acad\u00e9mie du Royaume du Maroc, consciente des r\u00f4les nationaux et des dimensions civilisationnelles du patrimoine du Malhoun et mettant en oeuvre les Haute orientations royales \u00e0 ce sujet, a entrepris de pr\u00e9server et de d\u00e9velopper cet art en \u00e9tudiant et en publiant les po\u00e8mes du Malhoun et en rendant hommage \u00e0 ses grandes figures. A noter dans ce cadre la publication de \u00ab\u00a0Ma\u00e2lamat Al-Malhoun\u00a0\u00bb sous la direction de feu Mohamed El Fassi et de l\u2019Encyclop\u00e9die du Malhoun sous la direction d\u2019Abbas El Jirari.<\/p>\n<\/div>\n<p>Auteur: Soufiane ELAHMAR<br \/>\n<a href=\"http:\/\/www.mapoujda.ma\/fr\/le-malhoun-a-lhonneur-a-oujda-a-linitiative-de-lacademie-du-royaume-du-maroc\/\">Cliquez ici pour lire l&rsquo;article depuis sa source.<\/a><\/p>\n","protected":false},"excerpt":{"rendered":"<p>L\u2019Acad\u00e9mie du Royaume du Maroc a organis\u00e9, samedi soir au Th\u00e9\u00e2tre Mohammed VI d\u2019Oujda, \u00ab\u00a0L\u2019\u00e9pop\u00e9e du Malhoun\u00a0\u00bb, une soir\u00e9e artistique haute en couleurs m\u00ealant musique, po\u00e9sie et performances th\u00e9\u00e2trales, en c\u00e9l\u00e9bration de ce patrimoine culturel marocain. Ce spectacle, le deuxi\u00e8me du genre apr\u00e8s une c\u00e9l\u00e9bration tenue en 2017 \u00e0 Rabat, a \u00e9t\u00e9 organis\u00e9 \u00e0 l\u2019occasion [&hellip;]<\/p>\n","protected":false},"author":1788,"featured_media":0,"comment_status":"closed","ping_status":"closed","sticky":false,"template":"","format":"standard","meta":{"fifu_image_url":"","fifu_image_alt":"","footnotes":""},"categories":[54,76],"tags":[],"class_list":["post-30775","post","type-post","status-publish","format-standard","hentry","category-maroc","category-regions"],"_links":{"self":[{"href":"https:\/\/linitiative.ca\/International\/wp-json\/wp\/v2\/posts\/30775","targetHints":{"allow":["GET"]}}],"collection":[{"href":"https:\/\/linitiative.ca\/International\/wp-json\/wp\/v2\/posts"}],"about":[{"href":"https:\/\/linitiative.ca\/International\/wp-json\/wp\/v2\/types\/post"}],"author":[{"embeddable":true,"href":"https:\/\/linitiative.ca\/International\/wp-json\/wp\/v2\/users\/1788"}],"replies":[{"embeddable":true,"href":"https:\/\/linitiative.ca\/International\/wp-json\/wp\/v2\/comments?post=30775"}],"version-history":[{"count":0,"href":"https:\/\/linitiative.ca\/International\/wp-json\/wp\/v2\/posts\/30775\/revisions"}],"wp:attachment":[{"href":"https:\/\/linitiative.ca\/International\/wp-json\/wp\/v2\/media?parent=30775"}],"wp:term":[{"taxonomy":"category","embeddable":true,"href":"https:\/\/linitiative.ca\/International\/wp-json\/wp\/v2\/categories?post=30775"},{"taxonomy":"post_tag","embeddable":true,"href":"https:\/\/linitiative.ca\/International\/wp-json\/wp\/v2\/tags?post=30775"}],"curies":[{"name":"wp","href":"https:\/\/api.w.org\/{rel}","templated":true}]}}