{"id":30776,"date":"2019-04-28T09:26:58","date_gmt":"2019-04-28T13:26:58","guid":{"rendered":"https:\/\/linitiative.ca\/International\/les-barreaux-pointent-les-faux-pas-de-la-justice\/"},"modified":"2019-04-28T09:26:58","modified_gmt":"2019-04-28T13:26:58","slug":"les-barreaux-pointent-les-faux-pas-de-la-justice","status":"publish","type":"post","link":"https:\/\/linitiative.ca\/International\/les-barreaux-pointent-les-faux-pas-de-la-justice\/","title":{"rendered":"Les barreaux pointent les faux pas de la justice"},"content":{"rendered":"<div readability=\"42\">\n<p>Rif, Jerrada, Zagora&#8230; l\u2019\u00e9preuve des grands proc\u00e8s<\/p>\n<p>Enqu\u00eates, poursuites et jugements vivement contest\u00e9s<\/p>\n<p>D\u00e9tenus politiques, abus, atteintes \u00e0 la d\u00e9fense, traitement inhumain&#8230;<\/p>\n<\/div>\n<div readability=\"58\">\n<p class=\"rtejustify\">L\u2019Association des barreaux du Maroc ne m\u00e2che pas ses mots: \u00abAbus, d\u00e9tenus politiques et d\u2019opinion, graves atteintes aux droits de la d\u00e9fense&#8230;\u00bb. Ainsi, 9 de ses 64 recommandations visent les proc\u00e8s et les jugements qui en d\u00e9coulent (voir page 4). Les avocats citent le cas \u00abdes militants du Rif, de Jerrada, de Zagora&#8230; et d\u2019autres d\u00e9tenus des mouvements de contestation\u00bb ayant \u00e9clat\u00e9 \u00e0 partir de 2016. Les proc\u00e9dures judiciaires qui les ont cibl\u00e9s \u00absont vici\u00e9es au point de porter atteinte aux garanties (constitutionnelles) d\u2019un proc\u00e8s \u00e9quitable\u00bb. Le 30e congr\u00e8s des avocats a permis ainsi d\u2019exprimer \u00abdes inqui\u00e9tudes vis-\u00e0-vis de l\u2019orientation\u00bb prise dans ces affaires judiciaires. Enqu\u00eates, poursuites et jugements (y compris de certains avocats non cit\u00e9s) sont point\u00e9s du doigt par la d\u00e9fense. Ses repr\u00e9sentants consid\u00e8rent ces proc\u00e9dures comme \u00e9tant \u00abincoh\u00e9rentes par rapport aux objectifs de la r\u00e9conciliation sociale\u00bb. Les congressistes \u00abcondamnent les atteintes graves aux droits de la d\u00e9fense\u00bb et appellent \u00ab\u00e0 lib\u00e9rer tous les d\u00e9tenus politiques, d\u2019opinion et d\u2019expression\u00bb.<\/p>\n<p class=\"rtejustify\">Journalistes et bloggeurs sont cit\u00e9s dans ce plaidoyer. Les avocats r\u00e9clament \u00e9galement \u00abd\u2019annuler tous les avis de recherche\u00bb portant sur des activistes marocains, y compris ceux r\u00e9sidant \u00e0 l\u2019\u00e9tranger. Leurs 17 b\u00e2tonniers ont \u00e9t\u00e9 mandat\u00e9s par leurs confr\u00e8res pour cr\u00e9er une commission sp\u00e9ciale. Elle aura pour mission \u00abd\u2019enqu\u00eater sur les abus relev\u00e9s dans ces proc\u00e8s et de se constituer observateur\u00bb dans les autres affaires en cours. L\u2019Association des barreaux du Maroc joint sa voix \u00e0 celle de la rue: \u00abIl faut donner suite aux revendications l\u00e9gitimes et justes des habitants du Rif, de Jerrada, de Zagora et des autres r\u00e9gions au nom de la dignit\u00e9 humaine\u00bb. Les avocats \u00abse solidarisent\u00bb avec les familles des d\u00e9tenus. Ceux du Rif sont aux premiers rangs. \u00abL\u2019Etat endosse l\u2019enti\u00e8re responsabilit\u00e9 dans la d\u00e9gradation de la sant\u00e9 des d\u00e9tenus en gr\u00e8ve de la faim. Nous exigeons qu\u2019il applique le droit avec \u00e9quit\u00e9 au nom aussi du droit \u00e0 la vie\u00bb, pr\u00f4nent les avocats. Ils mettent en doute l\u2019ind\u00e9pendance des pouvoirs, \u00e0 commencer par la justice, lorsqu\u2019il est question des droits et libert\u00e9s. La corporation en saisit l\u2019occasion pour exiger ainsi \u00abla constitutionnalisation de la profession d\u2019avocat et de son immunit\u00e9\u00bb.\u00a0\u00a0<\/p>\n<blockquote readability=\"13\">\n<p class=\"rtecenter\"><strong><span class=\"c3\">Le CNDH au c\u0153ur des critiques<\/span><\/strong><\/p>\n<div class=\"dnd-atom-wrapper type-image context-sdl_editor_representation atom-align-right\" contenteditable=\"false\">\n<div class=\"dnd-drop-wrapper image\"><img loading=\"lazy\" decoding=\"async\" typeof=\"foaf:Image\" class=\"img-responsive\" src=\"https:\/\/leconomiste.com\/sites\/default\/files\/eco7\/public\/thumbnails\/image\/amina_bouayach.jpg\" width=\"210\" height=\"200\" alt=\"amina_bouayach.jpg\" title=\"amina_bouayach.jpg\"\/><\/div>\n<\/div>\n<p class=\"rtejustify\">Le Conseil national des droits de l\u2019homme est au c\u0153ur de la temp\u00eate du Rif. Il s\u2019est d\u00e9clar\u00e9 observateur dans le proc\u00e8s des \u00e9v\u00e9nements d\u2019Al Hoce\u00efma (cf. L\u2019Economiste n\u00b05184 du 8 janvier 2018). Les barreaux appellent \u00able CNDH \u00e0 accomplir sa mission en tant qu\u2019instance constitutionnelle et conform\u00e9ment aux principes de Paris\u00bb. Ceux-l\u00e0 m\u00eames qui sont affich\u00e9s sur le site du Conseil et qui r\u00e9gissent le statut et le fonctionnement des institutions nationales pour la protection et la promotion des droits de l\u2019homme.\u00a0\u00a0<br \/>En tant qu\u2019observateur, le CNDH devra rendre son rapport apr\u00e8s un jugement d\u00e9finitif des 43 accus\u00e9s du proc\u00e8s des \u00e9v\u00e9nements d\u2019Al Hoce\u00efma. Va-t-il soulever \u00ables atteintes au proc\u00e8s \u00e9quitable, la torture, les traitements inhumains et d\u00e9gradants pour la dignit\u00e9&#8230;\u00bb? Les 17 barreaux du Royaume l\u2019attendent au tournant.\u00a0<\/p>\n<\/blockquote>\n<p class=\"rtejustify\">\u00a0<\/p>\n<p class=\"rtejustify\">Fai\u00e7al FAQUIHI\u00a0<\/p>\n<\/div>\n<p>Auteur: leco_web_admin<br \/>\n<a href=\"https:\/\/www.leconomiste.com\/article\/1044319-les-barreaux-pointent-les-faux-pas-de-la-justice\">Cliquez ici pour lire l&rsquo;article depuis sa source.<\/a><\/p>\n","protected":false},"excerpt":{"rendered":"<p>Rif, Jerrada, Zagora&#8230; l\u2019\u00e9preuve des grands proc\u00e8s Enqu\u00eates, poursuites et jugements vivement contest\u00e9s D\u00e9tenus politiques, abus, atteintes \u00e0 la d\u00e9fense, traitement inhumain&#8230; L\u2019Association des barreaux du Maroc ne m\u00e2che pas ses mots: \u00abAbus, d\u00e9tenus politiques et d\u2019opinion, graves atteintes aux droits de la d\u00e9fense&#8230;\u00bb. Ainsi, 9 de ses 64 recommandations visent les proc\u00e8s et les [&hellip;]<\/p>\n","protected":false},"author":1763,"featured_media":30777,"comment_status":"closed","ping_status":"closed","sticky":false,"template":"","format":"standard","meta":{"fifu_image_url":"","fifu_image_alt":"","footnotes":""},"categories":[78,54],"tags":[],"class_list":["post-30776","post","type-post","status-publish","format-standard","has-post-thumbnail","hentry","category-economie","category-maroc"],"_links":{"self":[{"href":"https:\/\/linitiative.ca\/International\/wp-json\/wp\/v2\/posts\/30776","targetHints":{"allow":["GET"]}}],"collection":[{"href":"https:\/\/linitiative.ca\/International\/wp-json\/wp\/v2\/posts"}],"about":[{"href":"https:\/\/linitiative.ca\/International\/wp-json\/wp\/v2\/types\/post"}],"author":[{"embeddable":true,"href":"https:\/\/linitiative.ca\/International\/wp-json\/wp\/v2\/users\/1763"}],"replies":[{"embeddable":true,"href":"https:\/\/linitiative.ca\/International\/wp-json\/wp\/v2\/comments?post=30776"}],"version-history":[{"count":0,"href":"https:\/\/linitiative.ca\/International\/wp-json\/wp\/v2\/posts\/30776\/revisions"}],"wp:featuredmedia":[{"embeddable":true,"href":"https:\/\/linitiative.ca\/International\/wp-json\/"}],"wp:attachment":[{"href":"https:\/\/linitiative.ca\/International\/wp-json\/wp\/v2\/media?parent=30776"}],"wp:term":[{"taxonomy":"category","embeddable":true,"href":"https:\/\/linitiative.ca\/International\/wp-json\/wp\/v2\/categories?post=30776"},{"taxonomy":"post_tag","embeddable":true,"href":"https:\/\/linitiative.ca\/International\/wp-json\/wp\/v2\/tags?post=30776"}],"curies":[{"name":"wp","href":"https:\/\/api.w.org\/{rel}","templated":true}]}}